{"id":5221,"date":"2014-12-19T11:24:59","date_gmt":"2014-12-19T11:24:59","guid":{"rendered":"http:\/\/rurallascolonias.com.ar\/?p=5221"},"modified":"2014-12-19T11:24:59","modified_gmt":"2014-12-19T11:24:59","slug":"el-gobierno-cree-que-sobrara-trigo-igual-no-deja-exportarlo","status":"publish","type":"post","link":"http:\/\/rurallascolonias.com.ar\/?p=5221","title":{"rendered":"El Gobierno cree que sobrar\u00e1 trigo, igual no deja exportarlo"},"content":{"rendered":"<p><span style=\"color: #666666;\"><a href=\"http:\/\/rurallascolonias.com.ar\/wp-content\/uploads\/2014\/12\/trigo-5.png\"><img loading=\"lazy\" class=\"alignleft size-full wp-image-5206\" src=\"http:\/\/rurallascolonias.com.ar\/wp-content\/uploads\/2014\/12\/trigo-5.png\" alt=\"trigo 5\" width=\"337\" height=\"149\" srcset=\"http:\/\/rurallascolonias.com.ar\/wp-content\/uploads\/2014\/12\/trigo-5.png 337w, http:\/\/rurallascolonias.com.ar\/wp-content\/uploads\/2014\/12\/trigo-5-300x132.png 300w\" sizes=\"(max-width: 337px) 100vw, 337px\" \/><\/a>El Ministerio de Agricultura elev\u00f3 de 12 a 13,2 millones de toneladas su estimaci\u00f3n de cosecha. De cumplirse, superar\u00eda en 43,5% a la del a\u00f1o anterior. Con estos datos, no se explica la negativa para habilitar las exportaciones del cereal, a trav\u00e9s de los ROE<\/span><!--more--><\/p>\n<p style=\"color: #222222;\">Son parte del mismo gobierno y deber\u00edan actuar de modo coordinado. Pero mientras el Ministerio de Agricultura estim\u00f3 ayer una cosecha de trigo mucho m\u00e1s abultada que la que se esperaba (de por los menos 13,2 millones de toneladas), el Ministerio de Econom\u00eda contin\u00faa trabando las exportaciones del cereal y provoca as\u00ed una distorsi\u00f3n en los precios que perjudica seriamente a los productores.<\/p>\n<p style=\"color: #222222;\">Agricultura, una cartera a cargo del ex INTA Carlos Casamiquela, sorprendi\u00f3 ayer al mercado local de granos al dar cuenta de que espera una cosecha de trigo de 13,2 millones de toneladas, seg\u00fan inform\u00f3 Mat\u00edas Longoni en el diario Clar\u00edn. Hasta noviembre, ese organismo calculaba una oferta de 12 millones de toneladas, m\u00e1s a tono con los pron\u00f3sticos del sector privado. Ayer descoloc\u00f3 a todos, pues vaticin\u00f3 que la producci\u00f3n triguera ser\u00e1 todav\u00eda mayor y superar\u00e1 en 43,5% a la del a\u00f1o anterior.<\/p>\n<p style=\"color: #222222;\">\u00abLos muy aceptables rendimientos obtenidos hasta el momento, y las buenas perspectivas de rendimiento en zonas donde a\u00fan no se inici\u00f3 la trilla, permiten suponer que la producci\u00f3n se situar\u00eda alrededor de las 13,2 millones de toneladas\u00bb, indic\u00f3 el organismo en su informe mensual de estimaciones agr\u00edcolas.<\/p>\n<p style=\"color: #222222;\">Este pron\u00f3stico alentador deja muy mal paradas a las autoridades de la Secretar\u00eda de Comerio, que dependen del ministro Axel Kicillof y son quienes tienen la responsabilidad formal de habilitar las exportaciones de trigo y otros granos, a trav\u00e9s de los ROE. Sucede que si sobrara tanto trigo como estima Agricultura dejar\u00eda de ser razonable el cerrojo vigente a las exportaciones del cereal. Dicho cerrojo act\u00faa sobreofertando el mercado interno y deprimiendo los precios que reciben los productores. Este mecanismo, que se repite desde 2007, produce una transferencia millonaria de riqueza desde el sector primario a otros eslabones de la cadena, como molinos y exportadoras.<\/p>\n<p style=\"color: #222222;\">Con una oferta de 13,2 millones de toneladas como la proyectada por Agricultura alcanza para abastecer con mucha tranquilidad una demanda interna calculada oficialmente en 6,5 millones de toneladas de trigo, pues quedar\u00eda otro tanto para vender al exterior. Pero Econom\u00eda ha habilitado reci\u00e9n exportaciones por poco m\u00e1s de 2 millones de toneladas.<\/p>\n<p style=\"color: #222222;\">El propio Ministerio de Agricultura calcula todos los d\u00edas el da\u00f1o que esta decisi\u00f3n de trabar los embarques produce en las cuentas del chacarero, al dar a conocer el valor FAS te\u00f3rico que deber\u00eda pagarse por el trigo. En las \u00faltimas semanas la recomendaci\u00f3n oficial se ubic\u00f3 en torno a los 1.550 pesos por tonelada, pero a los productores dif\u00edcilmente llegan unos 1.000 pesos.<\/p>\n<p style=\"color: #222222;\">Fuente: Edici\u00f3n Rural<\/p>\n","protected":false},"excerpt":{"rendered":"<p>El Ministerio de Agricultura elev\u00f3 de 12 a 13,2 millones de toneladas su estimaci\u00f3n de cosecha. De cumplirse, superar\u00eda en 43,5% a la del a\u00f1o anterior. Con estos datos, no se explica la negativa para habilitar las exportaciones del cereal, a trav\u00e9s de los ROE<\/p>\n","protected":false},"author":5,"featured_media":0,"comment_status":"open","ping_status":"open","sticky":false,"template":"","format":"standard","meta":[],"categories":[18],"tags":[259,176,27],"_links":{"self":[{"href":"http:\/\/rurallascolonias.com.ar\/index.php?rest_route=\/wp\/v2\/posts\/5221"}],"collection":[{"href":"http:\/\/rurallascolonias.com.ar\/index.php?rest_route=\/wp\/v2\/posts"}],"about":[{"href":"http:\/\/rurallascolonias.com.ar\/index.php?rest_route=\/wp\/v2\/types\/post"}],"author":[{"embeddable":true,"href":"http:\/\/rurallascolonias.com.ar\/index.php?rest_route=\/wp\/v2\/users\/5"}],"replies":[{"embeddable":true,"href":"http:\/\/rurallascolonias.com.ar\/index.php?rest_route=%2Fwp%2Fv2%2Fcomments&post=5221"}],"version-history":[{"count":1,"href":"http:\/\/rurallascolonias.com.ar\/index.php?rest_route=\/wp\/v2\/posts\/5221\/revisions"}],"predecessor-version":[{"id":5222,"href":"http:\/\/rurallascolonias.com.ar\/index.php?rest_route=\/wp\/v2\/posts\/5221\/revisions\/5222"}],"wp:attachment":[{"href":"http:\/\/rurallascolonias.com.ar\/index.php?rest_route=%2Fwp%2Fv2%2Fmedia&parent=5221"}],"wp:term":[{"taxonomy":"category","embeddable":true,"href":"http:\/\/rurallascolonias.com.ar\/index.php?rest_route=%2Fwp%2Fv2%2Fcategories&post=5221"},{"taxonomy":"post_tag","embeddable":true,"href":"http:\/\/rurallascolonias.com.ar\/index.php?rest_route=%2Fwp%2Fv2%2Ftags&post=5221"}],"curies":[{"name":"wp","href":"https:\/\/api.w.org\/{rel}","templated":true}]}}