{"id":5104,"date":"2014-12-09T18:18:11","date_gmt":"2014-12-09T18:18:11","guid":{"rendered":"http:\/\/rurallascolonias.com.ar\/?p=5104"},"modified":"2014-12-09T18:18:11","modified_gmt":"2014-12-09T18:18:11","slug":"lactea-en-san-carlos-sud-cerraria-sus-puertas","status":"publish","type":"post","link":"http:\/\/rurallascolonias.com.ar\/?p=5104","title":{"rendered":"L\u00e1ctea en San Carlos Sud cerrar\u00eda sus puertas"},"content":{"rendered":"<p><a href=\"http:\/\/rurallascolonias.com.ar\/wp-content\/uploads\/2014\/12\/L\u00e1ctea-San-Carlos-Sud.png\"><img loading=\"lazy\" class=\"aligncenter size-full wp-image-5105\" src=\"http:\/\/rurallascolonias.com.ar\/wp-content\/uploads\/2014\/12\/L\u00e1ctea-San-Carlos-Sud.png\" alt=\"L\u00e1ctea San Carlos Sud\" width=\"259\" height=\"194\" \/><\/a>Se trata de la empresa Leones de Bleek S.A que se dedica a fabricar suero en polvo, cuenta con unos 30 empleados y alquila el inmueble al Grupo Lheritier. La informaci\u00f3n de la que todos hablan y nadie confirma oficialmente es la decisi\u00f3n de cierre para los pr\u00f3ximos meses que ya le trasladaron a los empleados. Algunos habr\u00edan recibido ofertas para trasladarse a la provincia de C\u00f3rdoba. Preocupaci\u00f3n de toda la comunidad. <!--more--> En los \u00faltimos d\u00edas, corri\u00f3 como reguero de p\u00f3lvora el rumor de que la firma Leones de Bleek S.A que se dedica a fabricar suero en polvo, cerraba definitivamente sus puertas en los primeros meses del a\u00f1o pr\u00f3ximo. La empresa esta hace muchos a\u00f1os afianzada en San Carlos Sud y alquila el inmueble al grupo Lheritier. Hay unas 30 personas que trabajan en la empresa y en los \u00faltimos d\u00edas las autoridades de la firma, cuyo gerente local es Carlos Arriola, les abr\u00edan informado a los trabajadores que por distintas razones la firma iba a cerrar. Dentro de los motivos que aduce el grupo empresario, que tiene entre sus firmas comerciales a Leones de Bleek, manifiestan la gran presi\u00f3n tributaria que soportan, la falta de habilitaci\u00f3n de SENASA para fabricar y exportar un producto espec\u00edfico y tambi\u00e9n dicen que el precio del d\u00f3lar no favorece a la empresa, ya que se encuentra estable y pierde competitividad el producto que en San Carlos Sud se hace. Ante estas razones, la empresa manifiesta que es imposible continuar con su producci\u00f3n y ofrecieron a los trabajadores pagar dos meses de sueldo de pre aviso (no uno como es una costumbre), seis meses de cobertura de la obra social y pagarle la indemnizaci\u00f3n completa si firman el retiro voluntario. Obviamente el gremio ATILRA que nuclea a los trabajadores est\u00e1 tratando de interceder para saber si pueden evitar que la empresa \u201cbaje las persianas\u201d. Pero vale recordar, que en los \u00faltimos tiempos, el gremio lejos estuvo de evitar despidos tanto en esa f\u00e1brica (en el 2008 despidieron a unos 10 trabajadores) o en el caso de la firma Cenci, donde tambi\u00e9n desvincularon a 7 personas y el gremio tampoco lo pudo evitar. Nuestro medio de comunicaci\u00f3n se comunic\u00f3 en reiteradas oportunidades con; en primera ocasi\u00f3n Carlos Arriola, encargado de la planta en San Carlos Sud y dijo que no estaba autorizado para hablar sobre el tema y nos pidi\u00f3 que llamemos a la empresa que tiene sus oficinas comerciales en Bs. As. All\u00ed llamamos en tres oportunidades, pidiendo hablar con alg\u00fan directivo para que confirmen o desechen estos rumores sobre el cierre de la f\u00e1brica y en las tres oportunidades nos dijeron que se iban a comunicar con nosotros y hasta el cierre de esta edici\u00f3n no hemos tenido ninguna noticia. Tambi\u00e9n intentamos dialogar con el referente del gremio dentro de la planta quien manifest\u00f3 que no es el momento para hablar del tema, por lo que no hay informaci\u00f3n oficial sobre esta situaci\u00f3n, pero a todos los empleados les dijeron que la empresa va a dejar de funcionar y ofrecen, solo a algunos de ellos, una posibilidad laboral en la provincia de C\u00f3rdoba, el resto, quedar\u00eda en la calle. EL DATO\/\/\/ \u2022 Seg\u00fan lo que reza la p\u00e1gina oficial de Leones de Bleek producen: Suero dulce de queso en polvo, suero dulce de queso en polvo (ingl\u00e9s), suero reengrasado, suero de leche en polvo parcialmente desmineralizado, suero de leche en polvo parcialmente desmineralizado (ingl\u00e9s). \u2022 Adem\u00e1s, figuran como responsables de las marcas \u201cLa Cristina\u201d y \u201cRemotti\u201d. \u2022 Comercializa sus productos no solo en Argentina sino tambi\u00e9n al exterior, teniendo como potenciales compradores a Brasil, Paraguay, China, Sudeste Asi\u00e1tico y Rusia La Voz de la Regi\u00f3n Web \u2013 San Carlos Centro<\/p>\n","protected":false},"excerpt":{"rendered":"<p>Se trata de la empresa Leones de Bleek S.A que se dedica a fabricar suero en polvo, cuenta con unos 30 empleados y alquila el inmueble al Grupo Lheritier. La informaci\u00f3n de la que todos hablan y nadie confirma oficialmente es la decisi\u00f3n de cierre para los pr\u00f3ximos meses que ya le trasladaron a los [&hellip;]<\/p>\n","protected":false},"author":5,"featured_media":0,"comment_status":"open","ping_status":"open","sticky":false,"template":"","format":"standard","meta":[],"categories":[42],"tags":[569,1683,298,1684],"_links":{"self":[{"href":"http:\/\/rurallascolonias.com.ar\/index.php?rest_route=\/wp\/v2\/posts\/5104"}],"collection":[{"href":"http:\/\/rurallascolonias.com.ar\/index.php?rest_route=\/wp\/v2\/posts"}],"about":[{"href":"http:\/\/rurallascolonias.com.ar\/index.php?rest_route=\/wp\/v2\/types\/post"}],"author":[{"embeddable":true,"href":"http:\/\/rurallascolonias.com.ar\/index.php?rest_route=\/wp\/v2\/users\/5"}],"replies":[{"embeddable":true,"href":"http:\/\/rurallascolonias.com.ar\/index.php?rest_route=%2Fwp%2Fv2%2Fcomments&post=5104"}],"version-history":[{"count":1,"href":"http:\/\/rurallascolonias.com.ar\/index.php?rest_route=\/wp\/v2\/posts\/5104\/revisions"}],"predecessor-version":[{"id":5106,"href":"http:\/\/rurallascolonias.com.ar\/index.php?rest_route=\/wp\/v2\/posts\/5104\/revisions\/5106"}],"wp:attachment":[{"href":"http:\/\/rurallascolonias.com.ar\/index.php?rest_route=%2Fwp%2Fv2%2Fmedia&parent=5104"}],"wp:term":[{"taxonomy":"category","embeddable":true,"href":"http:\/\/rurallascolonias.com.ar\/index.php?rest_route=%2Fwp%2Fv2%2Fcategories&post=5104"},{"taxonomy":"post_tag","embeddable":true,"href":"http:\/\/rurallascolonias.com.ar\/index.php?rest_route=%2Fwp%2Fv2%2Ftags&post=5104"}],"curies":[{"name":"wp","href":"https:\/\/api.w.org\/{rel}","templated":true}]}}