{"id":5078,"date":"2014-12-08T17:53:21","date_gmt":"2014-12-08T17:53:21","guid":{"rendered":"http:\/\/rurallascolonias.com.ar\/?p=5078"},"modified":"2014-12-08T17:53:21","modified_gmt":"2014-12-08T17:53:21","slug":"marcela-aeberhard-visito-la-sede-de-carsfe","status":"publish","type":"post","link":"http:\/\/rurallascolonias.com.ar\/?p=5078","title":{"rendered":"Marcela Aeberhard visit\u00f3 la sede de CARSFE"},"content":{"rendered":"<div class=\"description\"><a href=\"http:\/\/rurallascolonias.com.ar\/wp-content\/uploads\/2014\/12\/visita-en-carsfe.png\"><img loading=\"lazy\" class=\"aligncenter size-full wp-image-5079\" src=\"http:\/\/rurallascolonias.com.ar\/wp-content\/uploads\/2014\/12\/visita-en-carsfe.png\" alt=\"visita en carsfe\" width=\"306\" height=\"165\" srcset=\"http:\/\/rurallascolonias.com.ar\/wp-content\/uploads\/2014\/12\/visita-en-carsfe.png 306w, http:\/\/rurallascolonias.com.ar\/wp-content\/uploads\/2014\/12\/visita-en-carsfe-300x161.png 300w\" sizes=\"(max-width: 306px) 100vw, 306px\" \/><\/a>En el d\u00eda de la fecha la presidenta de la Comisi\u00f3n de Presupuesto y Hacienda de la C\u00e1mara de Diputados de la provincia, Dra. Marcela Aeberhard visit\u00f3 la sede de CARSFE (Confederaci\u00f3n de Asociaciones Rurales de la provincia de Santa Fe)<\/div>\n<div class=\"authorinfo\"><\/div>\n<p><!--more--><\/p>\n<div class=\"vsmcontent\">\n<p align=\"justify\">La Dra. Ana Del Rio, asesora impositiva de la Entidad, dio la bienvenida a los legisladores.<br \/>\nParticiparon del encuentro representantes de las Sociedades Rurales de las localidades de: Venado Tuerto, La Criolla, Gobernador Crespo, G\u00e1lvez, Rosario, Tostado, Las Colonias, Vera, Cha\u00f1ar Ladeado, Reconquista, Santa Fe y San Crist\u00f3bal.<br \/>\nSeguidamente los asesores impositivos de <strong>CARSFE<\/strong> presentan un trabajo sobre la presi\u00f3n fiscal que recae en el sector agropecuario, indicando que la misma en 2001 era del 20,94% y en 2012 alcanza el 37,37%. En el mismo sentido al referirse a los impuestos provinciales expresaron que la presi\u00f3n fiscal era del 3,64% en 2001 y actualmente llega al 5,63%. Remarcaron que la presi\u00f3n fiscal atenta contra la productividad, y que se debe tener en cuenta que el productor agropecuario reinvierte permanentemente en su explotaci\u00f3n, en maquinarias e implementos.<br \/>\nSeguidamente se refirieron a los impuestos nacionales que recaen directa e indirectamente sobre el productor.<br \/>\nCon respecto a los tributos provinciales enumeraron aquellos que impactan sobre la actividad: Inmobiliario, unidad econ\u00f3mica agraria (que afecta tambi\u00e9n a los condominios, esto ha sido modificado en la Ley de Presupuesto 2014), Boletos de Marca Se\u00f1al, Assal, Impuesto a los combustibles, riesgo fiscal, e ingresos brutos\/sellos.<br \/>\nSe\u00f1alaron que el impuesto inmobiliario rural presenta varios aspectos distorsivos, entre ellos la parametrizaci\u00f3n utilizada y la clasificaci\u00f3n de los contribuyentes.<br \/>\nAnte este panorama la Entidad ha elaborado una propuesta que considera necesario que se restablezcan las cinco unidades econ\u00f3micas agrarias a los efectos de la determinaci\u00f3n y categorizaci\u00f3n de los contribuyentes y del tributo, respetando los siguientes par\u00e1metros:<br \/>\nLa unidad econ\u00f3mica como base de medici\u00f3n y rentabilidad del sector.<br \/>\nEl no incremento de los aval\u00faos fiscales porque se direccionar\u00edan en todos los impuestos provinciales. Si esto sucede, abarcar\u00eda a todos los impuestos detrayendo renta privada para el cobro de tributos increment\u00e1ndose la presi\u00f3n fiscal sobre el sector que es insostenible.<br \/>\nDesde la Entidad tambi\u00e9n fijaron posici\u00f3n respecto al proyecto de creaci\u00f3n de una Tasa Vial, expresando que ser\u00eda altamente perjudicial para la comunidad, no solo para la faz productiva que afecta y mucho.<br \/>\nPara finalizar manifestaron que el Gobierno debe hacer una eficiente utilizaci\u00f3n de recursos y no cobrar m\u00e1s impuestos.<br \/>\nPosteriormente la Dip. Aeberhard agradeci\u00f3 la presentaci\u00f3n realizada por los asesores de la Entidad y expres\u00f3 que trasladar\u00e1 al resto de los Diputados integrantes de la Comisi\u00f3n, los planteos e inquietudes que le formularon. Coincidi\u00f3 tambi\u00e9n en que es excesiva la presi\u00f3n fiscal en nuestra provincia.<br \/>\nSeguidamente la Diputada Aeberhard expres\u00f3 que no es conveniente aumentar los impuestos en \u00e9pocas de crisis. Se refiri\u00f3 tambi\u00e9n al hecho que el actual proyecto de Ley de Presupuesto contiene modificaciones al c\u00f3digo fiscal, expresando que ser\u00eda conveniente que se presenten dos proyectos, por un lado el Presupuesto y por otro una reforma tributaria.<br \/>\nEl Diputado Ricardo Olivera avalo lo dicho por la dip. Aeberhard.<br \/>\nPara finalizar los representantes de CARSFE manifestaron su voluntad de aportar propuestas, y expresaron que es necesario contar con un nuevo sistema tributario, agradecieron a los Diputados que asistieron a la Entidad y la Diputada Aeberhard puso a disposici\u00f3n la Comisi\u00f3n que preside para recibir inquietudes y propuesta desde dicha Instituci\u00f3n.<\/p>\n<p align=\"justify\">Fuente: <a title=\"Sin Mordaza\" href=\"http:\/\/www.sinmordaza.com\/\"><span style=\"color: #0066cc;\">Sin Mordaza<\/span><\/a><\/p>\n<\/div>\n","protected":false},"excerpt":{"rendered":"<p>En el d\u00eda de la fecha la presidenta de la Comisi\u00f3n de Presupuesto y Hacienda de la C\u00e1mara de Diputados de la provincia, Dra. Marcela Aeberhard visit\u00f3 la sede de CARSFE (Confederaci\u00f3n de Asociaciones Rurales de la provincia de Santa Fe)<\/p>\n","protected":false},"author":5,"featured_media":0,"comment_status":"open","ping_status":"open","sticky":false,"template":"","format":"standard","meta":[],"categories":[1],"tags":[],"_links":{"self":[{"href":"http:\/\/rurallascolonias.com.ar\/index.php?rest_route=\/wp\/v2\/posts\/5078"}],"collection":[{"href":"http:\/\/rurallascolonias.com.ar\/index.php?rest_route=\/wp\/v2\/posts"}],"about":[{"href":"http:\/\/rurallascolonias.com.ar\/index.php?rest_route=\/wp\/v2\/types\/post"}],"author":[{"embeddable":true,"href":"http:\/\/rurallascolonias.com.ar\/index.php?rest_route=\/wp\/v2\/users\/5"}],"replies":[{"embeddable":true,"href":"http:\/\/rurallascolonias.com.ar\/index.php?rest_route=%2Fwp%2Fv2%2Fcomments&post=5078"}],"version-history":[{"count":1,"href":"http:\/\/rurallascolonias.com.ar\/index.php?rest_route=\/wp\/v2\/posts\/5078\/revisions"}],"predecessor-version":[{"id":5080,"href":"http:\/\/rurallascolonias.com.ar\/index.php?rest_route=\/wp\/v2\/posts\/5078\/revisions\/5080"}],"wp:attachment":[{"href":"http:\/\/rurallascolonias.com.ar\/index.php?rest_route=%2Fwp%2Fv2%2Fmedia&parent=5078"}],"wp:term":[{"taxonomy":"category","embeddable":true,"href":"http:\/\/rurallascolonias.com.ar\/index.php?rest_route=%2Fwp%2Fv2%2Fcategories&post=5078"},{"taxonomy":"post_tag","embeddable":true,"href":"http:\/\/rurallascolonias.com.ar\/index.php?rest_route=%2Fwp%2Fv2%2Ftags&post=5078"}],"curies":[{"name":"wp","href":"https:\/\/api.w.org\/{rel}","templated":true}]}}