{"id":5073,"date":"2014-12-08T17:39:21","date_gmt":"2014-12-08T17:39:21","guid":{"rendered":"http:\/\/rurallascolonias.com.ar\/?p=5073"},"modified":"2014-12-08T17:39:21","modified_gmt":"2014-12-08T17:39:21","slug":"scioli-el-campo-es-el-corazon-de-la-economia-argentina","status":"publish","type":"post","link":"http:\/\/rurallascolonias.com.ar\/?p=5073","title":{"rendered":"Scioli: \u00abEl campo es el coraz\u00f3n de la econom\u00eda argentina\u00bb"},"content":{"rendered":"<p><strong><em><a href=\"http:\/\/rurallascolonias.com.ar\/wp-content\/uploads\/2014\/12\/SCIOLI.png\"><img loading=\"lazy\" class=\"alignleft size-full wp-image-5074\" src=\"http:\/\/rurallascolonias.com.ar\/wp-content\/uploads\/2014\/12\/SCIOLI.png\" alt=\"SCIOLI\" width=\"300\" height=\"168\" \/><\/a>Gui\u00f1o al agro<\/em><\/strong><\/p>\n<p>El gobernador bonaerense traz\u00f3 los ejes de su eventual presidencia en 2015 y respondi\u00f3 a las cr\u00edticas de los candidatos de la oposici\u00f3n: \u00ablas peleas entre pol\u00edticos no solucionan los problemas\u00bb, asegur\u00f3.<!--more--><\/p>\n<p>Daniel Scioli expuso sus ideas de cara a una eventual presidencia en 2015 y resalt\u00f3 la importancia de la actividad agropecuaria: \u00abEn un mundo que demanda alimentos tenemos que producir cada vez m\u00e1s, preparar los caminos rurales y as\u00ed generar m\u00e1s puestos de trabajo\u00bb.<\/p>\n<p>En el programa de Mirtha Legrand, el Gobernador bonaerense fue consultado sobre las necesidades del pa\u00eds a partir de 2015 y consider\u00f3 que \u00abel pr\u00f3ximo ciclo es para alguien con experiencia, que encauce a la Argentina en el desarrollo\u00bb.<\/p>\n<p>Sin dar nombres, Scioli critic\u00f3 las posturas de sus contrincantes en las pr\u00f3ximas elecciones: \u00abAlgunos hablan de cambio y no hay que cambiar todo. El verdadero cambio es no volver a empezar. En campa\u00f1a todos tienen soluciones pero mi vida es testimonio de resolver conflictos, de uni\u00f3n y tolerancia, perseverando. Cuando uno hace pol\u00edtica no tiene que echarle la culpa a los dem\u00e1s\u00bb.<\/p>\n<p>Adem\u00e1s, le respondi\u00f3 a quienes cuestionan su gesti\u00f3n: \u00abNo me gusta cuando dicen que es raro c\u00f3mo logro mantenerme en la pol\u00edtica. \u00bfNo ven lo que hago todos los d\u00edas? Una de las demandas de la gente es que nos respetemos m\u00e1s y haya m\u00e1s tolerancia. Las peleas entre pol\u00edticos no mejoran los problemas de la gente. Mi contribuci\u00f3n va a ser el respeto\u00bb.<\/p>\n<p>Respecto del futuro de la situaci\u00f3n financiera del pa\u00eds, Daniel Scioli resalt\u00f3 el rol del agro: \u00abEl campo es el coraz\u00f3n de la econom\u00eda argentina, un sector clave\u00bb.<\/p>\n<p>El mandatario bonaerense expres\u00f3 que algunas de sus principales preocupaciones son \u00ablas situaciones de inseguridad que destruyen familias\u00bb y \u00abel paro docente junto a sus repercusiones sociales\u00bb. Este s\u00e1bado se inform\u00f3 que su gobierno convoc\u00f3 para el martes a la paritaria docente para iniciar la discusi\u00f3n del sueldo testigo para 2015. Los sindicatos de maestros bonaerenses anticiparon que reclamar\u00e1n \u00abuna recomposici\u00f3n del salario b\u00e1sico y un incremento del haber de bolsillo\u00bb.<\/p>\n<p>Fuente: Infocampo<\/p>\n","protected":false},"excerpt":{"rendered":"<p>Gui\u00f1o al agro El gobernador bonaerense traz\u00f3 los ejes de su eventual presidencia en 2015 y respondi\u00f3 a las cr\u00edticas de los candidatos de la oposici\u00f3n: \u00ablas peleas entre pol\u00edticos no solucionan los problemas\u00bb, asegur\u00f3.<\/p>\n","protected":false},"author":5,"featured_media":0,"comment_status":"open","ping_status":"open","sticky":false,"template":"","format":"standard","meta":[],"categories":[14],"tags":[687],"_links":{"self":[{"href":"http:\/\/rurallascolonias.com.ar\/index.php?rest_route=\/wp\/v2\/posts\/5073"}],"collection":[{"href":"http:\/\/rurallascolonias.com.ar\/index.php?rest_route=\/wp\/v2\/posts"}],"about":[{"href":"http:\/\/rurallascolonias.com.ar\/index.php?rest_route=\/wp\/v2\/types\/post"}],"author":[{"embeddable":true,"href":"http:\/\/rurallascolonias.com.ar\/index.php?rest_route=\/wp\/v2\/users\/5"}],"replies":[{"embeddable":true,"href":"http:\/\/rurallascolonias.com.ar\/index.php?rest_route=%2Fwp%2Fv2%2Fcomments&post=5073"}],"version-history":[{"count":1,"href":"http:\/\/rurallascolonias.com.ar\/index.php?rest_route=\/wp\/v2\/posts\/5073\/revisions"}],"predecessor-version":[{"id":5075,"href":"http:\/\/rurallascolonias.com.ar\/index.php?rest_route=\/wp\/v2\/posts\/5073\/revisions\/5075"}],"wp:attachment":[{"href":"http:\/\/rurallascolonias.com.ar\/index.php?rest_route=%2Fwp%2Fv2%2Fmedia&parent=5073"}],"wp:term":[{"taxonomy":"category","embeddable":true,"href":"http:\/\/rurallascolonias.com.ar\/index.php?rest_route=%2Fwp%2Fv2%2Fcategories&post=5073"},{"taxonomy":"post_tag","embeddable":true,"href":"http:\/\/rurallascolonias.com.ar\/index.php?rest_route=%2Fwp%2Fv2%2Ftags&post=5073"}],"curies":[{"name":"wp","href":"https:\/\/api.w.org\/{rel}","templated":true}]}}