{"id":506,"date":"2013-12-15T14:04:09","date_gmt":"2013-12-15T14:04:09","guid":{"rendered":"http:\/\/rurallascolonias.com.ar\/?p=506"},"modified":"2013-12-15T14:04:09","modified_gmt":"2013-12-15T14:04:09","slug":"domingo-con-mucho-calor","status":"publish","type":"post","link":"http:\/\/rurallascolonias.com.ar\/?p=506","title":{"rendered":"DOMINGO CON MUCHO CALOR"},"content":{"rendered":"<p><em><strong><a href=\"http:\/\/rurallascolonias.com.ar\/wp-content\/uploads\/2013\/12\/mucho-calor.jpg\"><img loading=\"lazy\" class=\"aligncenter size-full wp-image-507\" alt=\"mucho calor\" src=\"http:\/\/rurallascolonias.com.ar\/wp-content\/uploads\/2013\/12\/mucho-calor.jpg\" width=\"251\" height=\"174\" \/><\/a>SE PRONOSTICA 38\u00b0<\/strong><\/em><\/p>\n<h3 id=\"tamano_texto\">Las temperaturas ir\u00e1n subiendo paulatinamente y las condiciones se mantendr\u00e1n estables. Recomendaciones para hacerle frente al term\u00f3metro en ascenso y evitar complicaciones.<!--more--><\/h3>\n<p>Las condiciones meteorol\u00f3gicas ser\u00e1n semejantes a las del s\u00e1bado, con temperaturas en ascenso, que oscilar\u00e1n entre los 21\u00ba y los 38\u00ba. Para el lunes se espera un poco m\u00e1s de calor, con 22\u00ba de m\u00ednima y 39\u00ba de m\u00e1xima.<\/p>\n<p>Consultado acerca del ascenso de las temperaturas, Ignacio Cristina, especialista del CIM, aclar\u00f3 que \u201csi bien son temperaturas altas, son usuales para el verano\u201d. Entre las causas, detall\u00f3 el ingreso de una corriente de aire c\u00e1lido del oeste que tiene como efecto el calentamiento del aire.<\/p>\n<p>Asimismo, indic\u00f3 que \u201ccomo estamos teniendo temperaturas m\u00ednimas un poco m\u00e1s altas de lo usual, eso hace que el d\u00eda arranque con unos grados de m\u00e1s y que la variaci\u00f3n de temperatura durante el resto del d\u00eda sea un poco superior\u201d. De todas formas, aclar\u00f3 que los valores esperados \u201cno son at\u00edpicos para esta \u00e9poca del a\u00f1o\u201d.<\/p>\n<p>Sin embargo, m\u00e1s all\u00e1 de lo que marque el term\u00f3metro, habr\u00e1 que tener en cuenta c\u00f3mo juega la combinaci\u00f3n de temperatura con humedad, que es lo que produce la sensaci\u00f3n t\u00e9rmica, con lo cual el calor que se sienta puede ser mayor. \u201cLa sensaci\u00f3n t\u00e9rmica no se puede pronosticar, sino que se va evaluando d\u00eda a d\u00eda, en el momento en que se van combinando la temperatura y la humedad\u201d, indic\u00f3 Cristina.<\/p>\n<p>Consultado acerca de si en los pr\u00f3ximos d\u00edas podr\u00eda producirse una ola de calor, el especialista explic\u00f3 que para que se d\u00e9 este fen\u00f3meno, tiene que haber varios d\u00edas consecutivos con muy altas temperaturas y humedad.<\/p>\n<div>\n<p>Recomendaciones<\/p>\n<p>Desde el Ministerio de Salud de la provincia, siempre que hay altas temperaturas recomiendan:<\/p>\n<p>Tomar mucha agua durante todo el d\u00eda.<\/p>\n<p>Consumir alimentos frescos, como frutas y verduras.<\/p>\n<p>Evitar las bebidas alcoh\u00f3licas muy dulces y las infusiones calientes.<\/p>\n<p>Usar ropa suelta, de materiales livianos y de colores claros.<\/p>\n<p>Tomar l\u00edquido antes, durante y despu\u00e9s de practicar cualquier actividad al aire libre y protegerse del sol poni\u00e9ndose un sombrero o usando una sombrilla.<\/p>\n<p>Darles el pecho a los lactantes con m\u00e1s frecuencia, hacerles beber agua fresca y segura y ponerlos en lugares frescos y ventilados.<\/p>\n<p>Fuente: El Litoral<\/p>\n<\/div>\n","protected":false},"excerpt":{"rendered":"<p>SE PRONOSTICA 38\u00b0 Las temperaturas ir\u00e1n subiendo paulatinamente y las condiciones se mantendr\u00e1n estables. Recomendaciones para hacerle frente al term\u00f3metro en ascenso y evitar complicaciones.<\/p>\n","protected":false},"author":5,"featured_media":0,"comment_status":"closed","ping_status":"closed","sticky":false,"template":"","format":"standard","meta":[],"categories":[40],"tags":[185,20],"_links":{"self":[{"href":"http:\/\/rurallascolonias.com.ar\/index.php?rest_route=\/wp\/v2\/posts\/506"}],"collection":[{"href":"http:\/\/rurallascolonias.com.ar\/index.php?rest_route=\/wp\/v2\/posts"}],"about":[{"href":"http:\/\/rurallascolonias.com.ar\/index.php?rest_route=\/wp\/v2\/types\/post"}],"author":[{"embeddable":true,"href":"http:\/\/rurallascolonias.com.ar\/index.php?rest_route=\/wp\/v2\/users\/5"}],"replies":[{"embeddable":true,"href":"http:\/\/rurallascolonias.com.ar\/index.php?rest_route=%2Fwp%2Fv2%2Fcomments&post=506"}],"version-history":[{"count":2,"href":"http:\/\/rurallascolonias.com.ar\/index.php?rest_route=\/wp\/v2\/posts\/506\/revisions"}],"predecessor-version":[{"id":509,"href":"http:\/\/rurallascolonias.com.ar\/index.php?rest_route=\/wp\/v2\/posts\/506\/revisions\/509"}],"wp:attachment":[{"href":"http:\/\/rurallascolonias.com.ar\/index.php?rest_route=%2Fwp%2Fv2%2Fmedia&parent=506"}],"wp:term":[{"taxonomy":"category","embeddable":true,"href":"http:\/\/rurallascolonias.com.ar\/index.php?rest_route=%2Fwp%2Fv2%2Fcategories&post=506"},{"taxonomy":"post_tag","embeddable":true,"href":"http:\/\/rurallascolonias.com.ar\/index.php?rest_route=%2Fwp%2Fv2%2Ftags&post=506"}],"curies":[{"name":"wp","href":"https:\/\/api.w.org\/{rel}","templated":true}]}}