{"id":5043,"date":"2014-12-04T10:27:45","date_gmt":"2014-12-04T10:27:45","guid":{"rendered":"http:\/\/rurallascolonias.com.ar\/?p=5043"},"modified":"2014-12-04T10:27:45","modified_gmt":"2014-12-04T10:27:45","slug":"omar-principe-es-el-nuevo-presidente-de-la-federacion-agraria","status":"publish","type":"post","link":"http:\/\/rurallascolonias.com.ar\/?p=5043","title":{"rendered":"Omar Pr\u00edncipe es el nuevo presidente de la Federaci\u00f3n Agraria"},"content":{"rendered":"<p><a href=\"http:\/\/rurallascolonias.com.ar\/wp-content\/uploads\/2014\/12\/PR\u00cdNCIPE.jpg\"><img loading=\"lazy\" class=\"aligncenter size-full wp-image-5044\" src=\"http:\/\/rurallascolonias.com.ar\/wp-content\/uploads\/2014\/12\/PR\u00cdNCIPE.jpg\" alt=\"PR\u00cdNCIPE\" width=\"400\" height=\"266\" srcset=\"http:\/\/rurallascolonias.com.ar\/wp-content\/uploads\/2014\/12\/PR\u00cdNCIPE.jpg 400w, http:\/\/rurallascolonias.com.ar\/wp-content\/uploads\/2014\/12\/PR\u00cdNCIPE-300x199.jpg 300w\" sizes=\"(max-width: 400px) 100vw, 400px\" \/><\/a>Un 56 por ciento de las entidades de base le dieron su apoyo. Tras 14 a\u00f1os con Buzzi a la cabeza de la organizaci\u00f3n, habr\u00e1 continuidad del oficialismo. \u201cVamos a seguir resistiendo. Peleando por pol\u00edticas diferenciadas para los agricultores familiares\u00bb&#8230;<!--more--><\/p>\n<p>Finaliz\u00f3\u00a0ayer \u00a0mi\u00e9rcoles 3-12 el <strong><em>102\u00b0 Congreso Ordinario Anual de la Federaci\u00f3n Agraria Argentina (FAA)<\/em><\/strong>, realizado en Rosario, que vot\u00f3 nuevas autoridades para la entidad. Omar Pr\u00edncipe result\u00f3 electo como nuevo presidente, con el apoyo de un 56 por ciento de los delegados que le dieron al oficialismo, tras 14 a\u00f1os de gesti\u00f3n de Eduardo Buzzi, un holgado triunfo. La conducci\u00f3n de la organizaci\u00f3n desde ahora est\u00e1 integrada tambi\u00e9n por los vicepresidentes Ariel Toselli y Jorge Solmi. Por su parte, Ulises Forte fue electo como s\u00edndico titular de FAA, y Walter Bozikovich como s\u00edndico suplente.<\/p>\n<p>Al finalizar el escrutinio, Pr\u00edncipe se\u00f1al\u00f3: \u201cSe termin\u00f3 el tiempo de las internas. Invito a los dirigentes de las otras agrupaciones aqu\u00ed presentes a que se acerquen al estrado, para que podamos hablar desde un mismo lugar. Ahora somos todos federados. El compromiso que tenemos que asumir de ac\u00e1 en m\u00e1s es trabajar para que haya pol\u00edticas p\u00fablicas para los peque\u00f1os y medianos productores, para los chacareros que representamos, sin importar a qu\u00e9 l\u00ednea pertenecemos. Es el momento de no bajar los brazos. La situaci\u00f3n que pasamos los que estamos en la FAA no amerita m\u00e1s que compromiso y el desaf\u00edo de seguir luchando para hacer visible y transformar la situaci\u00f3n que estamos viviendo en todo el pa\u00eds. El modelo agropecuario ha hecho estragos en la \u00faltima \u00e9poca. Y nuestra organizaci\u00f3n, despu\u00e9s de plantar bandera durante tantos a\u00f1os, con miles de productores que hoy se sienten identificados con nosotros, no podemos bajar los brazos. Vamos a seguir resistiendo. Vamos a seguir peleando por pol\u00edticas diferenciadas, para los agricultores familiares. Por la segmentaci\u00f3n de las retenciones, por las econom\u00edas regionales, para revertir la distorsi\u00f3n de precios\u201d.<\/p>\n","protected":false},"excerpt":{"rendered":"<p>Un 56 por ciento de las entidades de base le dieron su apoyo. Tras 14 a\u00f1os con Buzzi a la cabeza de la organizaci\u00f3n, habr\u00e1 continuidad del oficialismo. \u201cVamos a seguir resistiendo. Peleando por pol\u00edticas diferenciadas para los agricultores familiares\u00bb&#8230;<\/p>\n","protected":false},"author":5,"featured_media":0,"comment_status":"open","ping_status":"open","sticky":false,"template":"","format":"standard","meta":[],"categories":[42],"tags":[1669,1668],"_links":{"self":[{"href":"http:\/\/rurallascolonias.com.ar\/index.php?rest_route=\/wp\/v2\/posts\/5043"}],"collection":[{"href":"http:\/\/rurallascolonias.com.ar\/index.php?rest_route=\/wp\/v2\/posts"}],"about":[{"href":"http:\/\/rurallascolonias.com.ar\/index.php?rest_route=\/wp\/v2\/types\/post"}],"author":[{"embeddable":true,"href":"http:\/\/rurallascolonias.com.ar\/index.php?rest_route=\/wp\/v2\/users\/5"}],"replies":[{"embeddable":true,"href":"http:\/\/rurallascolonias.com.ar\/index.php?rest_route=%2Fwp%2Fv2%2Fcomments&post=5043"}],"version-history":[{"count":1,"href":"http:\/\/rurallascolonias.com.ar\/index.php?rest_route=\/wp\/v2\/posts\/5043\/revisions"}],"predecessor-version":[{"id":5045,"href":"http:\/\/rurallascolonias.com.ar\/index.php?rest_route=\/wp\/v2\/posts\/5043\/revisions\/5045"}],"wp:attachment":[{"href":"http:\/\/rurallascolonias.com.ar\/index.php?rest_route=%2Fwp%2Fv2%2Fmedia&parent=5043"}],"wp:term":[{"taxonomy":"category","embeddable":true,"href":"http:\/\/rurallascolonias.com.ar\/index.php?rest_route=%2Fwp%2Fv2%2Fcategories&post=5043"},{"taxonomy":"post_tag","embeddable":true,"href":"http:\/\/rurallascolonias.com.ar\/index.php?rest_route=%2Fwp%2Fv2%2Ftags&post=5043"}],"curies":[{"name":"wp","href":"https:\/\/api.w.org\/{rel}","templated":true}]}}