{"id":5038,"date":"2014-12-03T14:12:14","date_gmt":"2014-12-03T14:12:14","guid":{"rendered":"http:\/\/rurallascolonias.com.ar\/?p=5038"},"modified":"2014-12-03T14:12:14","modified_gmt":"2014-12-03T14:12:14","slug":"lacteos-los-precios-subieron-un-30-y-las-ventas-caen-todos-los-meses","status":"publish","type":"post","link":"http:\/\/rurallascolonias.com.ar\/?p=5038","title":{"rendered":"L\u00e1cteos: Los precios subieron un 30% y \u201clas ventas caen todos los meses\u201d"},"content":{"rendered":"<p><span style=\"color: #666666;\"><a href=\"http:\/\/rurallascolonias.com.ar\/wp-content\/uploads\/2014\/09\/l\u00e1cteos.jpg\"><img loading=\"lazy\" class=\"aligncenter size-full wp-image-4066\" src=\"http:\/\/rurallascolonias.com.ar\/wp-content\/uploads\/2014\/09\/l\u00e1cteos.jpg\" alt=\"l\u00e1cteos\" width=\"284\" height=\"177\" \/><\/a>El Vice presidente de la C\u00e1mara de Comercio y referente del sector comercial de los l\u00e1cteos, Mario Paganini, manifest\u00f3 que siguen los aumentos en los precios en el sector produci\u00e9ndose ca\u00eddas en las ventas.<\/span><!--more--><\/p>\n<p style=\"color: #666666;\">En 2014 los incrementos fueron del 30% y se vendi\u00f3 un 15% menos respecto del a\u00f1o pasado.<\/p>\n<p style=\"color: #666666;\">El empresario charl\u00f3 con Radio Uno y El Comercial sobre la actualidad del comercio en general y respecto de la situaci\u00f3n de l\u00e1cteos y fiambres se\u00f1al\u00f3 que la situaci\u00f3n es compleja y que no hay grandes expectativas para el corto plazo: \u201cNosotros tuvimos incrementos acentuados en los l\u00e1cteos durante el primer semestre del a\u00f1o en donde hubo un acumulado del 20%\u201d, dijo agregando que en la segunda mitad de la temporada, las subas se desaceleraron alcanzando un estimado del 7%.<\/p>\n<p style=\"color: #666666;\">\u201cTenemos un acumulado que ronda el 30% en el a\u00f1o en cuento a subas. En fiambres, los aumentos no fueron muy marcados por si se dieron de manera constante todo el a\u00f1o\u201d, sostuvo Paganini que indic\u00f3 que las ventas en general dentro del sector cayeron \u201centre un 12 % y 15%\u201d.<\/p>\n<p style=\"color: #666666;\">\u201cSe trata de una ca\u00edda importante en el a\u00f1o mientras que venimos de varios a\u00f1os que no son muy buenos. Estoy hablando de bajas en el volumen de ventas, no en precios\u201d, dijo.<\/p>\n<p style=\"color: #666666;\">\u201cTenemos ca\u00eddas a\u00f1o tras a\u00f1o que se acentuaron en 2014. Ahora las expectativas no son tan altas, si bien en Diciembre se esperan ventas importantes por las fiestas pero no hay demasiada expectativa para el corto plazo\u201d, cerr\u00f3.<br \/>\nFuente: elcomercial.com.ar<\/p>\n","protected":false},"excerpt":{"rendered":"<p>El Vice presidente de la C\u00e1mara de Comercio y referente del sector comercial de los l\u00e1cteos, Mario Paganini, manifest\u00f3 que siguen los aumentos en los precios en el sector produci\u00e9ndose ca\u00eddas en las ventas.<\/p>\n","protected":false},"author":5,"featured_media":0,"comment_status":"open","ping_status":"open","sticky":false,"template":"","format":"standard","meta":[],"categories":[42],"tags":[1667,445,1666],"_links":{"self":[{"href":"http:\/\/rurallascolonias.com.ar\/index.php?rest_route=\/wp\/v2\/posts\/5038"}],"collection":[{"href":"http:\/\/rurallascolonias.com.ar\/index.php?rest_route=\/wp\/v2\/posts"}],"about":[{"href":"http:\/\/rurallascolonias.com.ar\/index.php?rest_route=\/wp\/v2\/types\/post"}],"author":[{"embeddable":true,"href":"http:\/\/rurallascolonias.com.ar\/index.php?rest_route=\/wp\/v2\/users\/5"}],"replies":[{"embeddable":true,"href":"http:\/\/rurallascolonias.com.ar\/index.php?rest_route=%2Fwp%2Fv2%2Fcomments&post=5038"}],"version-history":[{"count":1,"href":"http:\/\/rurallascolonias.com.ar\/index.php?rest_route=\/wp\/v2\/posts\/5038\/revisions"}],"predecessor-version":[{"id":5039,"href":"http:\/\/rurallascolonias.com.ar\/index.php?rest_route=\/wp\/v2\/posts\/5038\/revisions\/5039"}],"wp:attachment":[{"href":"http:\/\/rurallascolonias.com.ar\/index.php?rest_route=%2Fwp%2Fv2%2Fmedia&parent=5038"}],"wp:term":[{"taxonomy":"category","embeddable":true,"href":"http:\/\/rurallascolonias.com.ar\/index.php?rest_route=%2Fwp%2Fv2%2Fcategories&post=5038"},{"taxonomy":"post_tag","embeddable":true,"href":"http:\/\/rurallascolonias.com.ar\/index.php?rest_route=%2Fwp%2Fv2%2Ftags&post=5038"}],"curies":[{"name":"wp","href":"https:\/\/api.w.org\/{rel}","templated":true}]}}