{"id":5009,"date":"2014-12-02T10:31:52","date_gmt":"2014-12-02T10:31:52","guid":{"rendered":"http:\/\/rurallascolonias.com.ar\/?p=5009"},"modified":"2014-12-02T10:31:52","modified_gmt":"2014-12-02T10:31:52","slug":"las-inmobiliarias-rurales-pidieron-el-fin-del-cepo-cambiario","status":"publish","type":"post","link":"http:\/\/rurallascolonias.com.ar\/?p=5009","title":{"rendered":"Las inmobiliarias rurales pidieron el fin del cepo cambiario"},"content":{"rendered":"<p><strong><em><a href=\"http:\/\/rurallascolonias.com.ar\/wp-content\/uploads\/2014\/12\/inmobiliarias-rurales.jpg\"><img loading=\"lazy\" class=\"aligncenter wp-image-5010 size-medium\" src=\"http:\/\/rurallascolonias.com.ar\/wp-content\/uploads\/2014\/12\/inmobiliarias-rurales-300x133.jpg\" alt=\"inmobiliarias rurales\" width=\"300\" height=\"133\" srcset=\"http:\/\/rurallascolonias.com.ar\/wp-content\/uploads\/2014\/12\/inmobiliarias-rurales-300x133.jpg 300w, http:\/\/rurallascolonias.com.ar\/wp-content\/uploads\/2014\/12\/inmobiliarias-rurales-600x266.jpg 600w, http:\/\/rurallascolonias.com.ar\/wp-content\/uploads\/2014\/12\/inmobiliarias-rurales-624x276.jpg 624w, http:\/\/rurallascolonias.com.ar\/wp-content\/uploads\/2014\/12\/inmobiliarias-rurales.jpg 631w\" sizes=\"(max-width: 300px) 100vw, 300px\" \/><\/a>seguran que la situaci\u00f3n \u00abse torna insostenible para nuestra econom\u00eda y para todo el sector inmobiliario en general\u00bb.\u00a0\u00a0<\/em><\/strong><!--more--><\/p>\n<p>La C\u00e1mara Argentina de Inmobiliarias Rurales (CAIR) pidi\u00f3 hoy el levantamiento del cepo cambiario y reiter\u00f3 \u00ablos perjuicios provocados por estas medidas y las innumerables oportunidades de inversi\u00f3n perdidas en este largo lapso de tres a\u00f1os\u00bb.<\/p>\n<p>A trav\u00e9s de un comunicado la entidad sostuvo que \u00abhabi\u00e9ndose cumplido el tercer aniversario desde la implementaci\u00f3n del denominado \u201ccepo cambiario\u201d y en vista del perjuicio econ\u00f3mico producido en la actividad inmobiliaria rural, solicita una vez m\u00e1s a las autoridades nacionales el levantamiento de las restricciones vigentes para las operaciones cambiarias en car\u00e1cter de urgente\u00bb.<\/p>\n<p>\u00abLos negocios de tierras en la Argentina, est\u00e1n dolarizados desde hace m\u00e1s de 40 a\u00f1os y responden a un par\u00e1metro monetario de medici\u00f3n internacional, agreg\u00f3 CAIR.<\/p>\n<p>\u00abInstamos a que, a la brevedad posible, los responsables atiendan nuestros reclamos, los cuales provienen de un sector castigado injustamente por estas medidas y que peticiona por el fin de dichas acciones con el \u00fanico prop\u00f3sito de lograr en el corto plazo la reactivaci\u00f3n del mercado inmobiliario rural\u00bb, subray\u00f3.<\/p>\n<p>En tanto, asegur\u00f3 que la situaci\u00f3n \u00abse torna insostenible para nuestra econom\u00eda y para todo el sector inmobiliario en general\u00bb.<\/p>\n<p>\u00abEs necesaria la reactivaci\u00f3n de las operaciones, a trav\u00e9s de la generaci\u00f3n de reglas claras y sencillas para el movimiento de fondos dolarizados, sean estos dentro o hacia afuera de nuestro territorio\u00bb, resalta el comunicado.<\/p>\n<p>\u00abNos ofrecemos para aportar soluciones a la profunda crisis que est\u00e1 atravesando el Sector y estamos convencidos que el \u00fanico remedio aplicable, que morigerar\u00eda en parte esta penosa situaci\u00f3n, es el levantamiento inmediato de toda restricci\u00f3n cambiaria existente\u00bb, finaliz\u00f3 la c\u00e1mara.<\/p>\n","protected":false},"excerpt":{"rendered":"<p>seguran que la situaci\u00f3n \u00abse torna insostenible para nuestra econom\u00eda y para todo el sector inmobiliario en general\u00bb.\u00a0\u00a0<\/p>\n","protected":false},"author":5,"featured_media":0,"comment_status":"open","ping_status":"open","sticky":false,"template":"","format":"standard","meta":[],"categories":[14],"tags":[1661,1660],"_links":{"self":[{"href":"http:\/\/rurallascolonias.com.ar\/index.php?rest_route=\/wp\/v2\/posts\/5009"}],"collection":[{"href":"http:\/\/rurallascolonias.com.ar\/index.php?rest_route=\/wp\/v2\/posts"}],"about":[{"href":"http:\/\/rurallascolonias.com.ar\/index.php?rest_route=\/wp\/v2\/types\/post"}],"author":[{"embeddable":true,"href":"http:\/\/rurallascolonias.com.ar\/index.php?rest_route=\/wp\/v2\/users\/5"}],"replies":[{"embeddable":true,"href":"http:\/\/rurallascolonias.com.ar\/index.php?rest_route=%2Fwp%2Fv2%2Fcomments&post=5009"}],"version-history":[{"count":1,"href":"http:\/\/rurallascolonias.com.ar\/index.php?rest_route=\/wp\/v2\/posts\/5009\/revisions"}],"predecessor-version":[{"id":5011,"href":"http:\/\/rurallascolonias.com.ar\/index.php?rest_route=\/wp\/v2\/posts\/5009\/revisions\/5011"}],"wp:attachment":[{"href":"http:\/\/rurallascolonias.com.ar\/index.php?rest_route=%2Fwp%2Fv2%2Fmedia&parent=5009"}],"wp:term":[{"taxonomy":"category","embeddable":true,"href":"http:\/\/rurallascolonias.com.ar\/index.php?rest_route=%2Fwp%2Fv2%2Fcategories&post=5009"},{"taxonomy":"post_tag","embeddable":true,"href":"http:\/\/rurallascolonias.com.ar\/index.php?rest_route=%2Fwp%2Fv2%2Ftags&post=5009"}],"curies":[{"name":"wp","href":"https:\/\/api.w.org\/{rel}","templated":true}]}}