{"id":4961,"date":"2014-11-27T17:23:20","date_gmt":"2014-11-27T17:23:20","guid":{"rendered":"http:\/\/rurallascolonias.com.ar\/?p=4961"},"modified":"2014-11-27T17:23:20","modified_gmt":"2014-11-27T17:23:20","slug":"para-fascendini-los-roe-para-exportar-lacteos-son-manejados-con-discrecionalidad","status":"publish","type":"post","link":"http:\/\/rurallascolonias.com.ar\/?p=4961","title":{"rendered":"Para Fascendini, los ROE para exportar l\u00e1cteos son \u201cmanejados con discrecionalidad\u201d"},"content":{"rendered":"<h2><a href=\"http:\/\/rurallascolonias.com.ar\/wp-content\/uploads\/2014\/08\/FASCENDINI-3.jpg\"><img loading=\"lazy\" class=\"alignleft size-full wp-image-3632\" src=\"http:\/\/rurallascolonias.com.ar\/wp-content\/uploads\/2014\/08\/FASCENDINI-3.jpg\" alt=\"FASCENDINI 3\" width=\"300\" height=\"160\" \/><\/a>El ministro de la Producci\u00f3n de Santa Fe se refiri\u00f3 a las pol\u00edticas comerciales y la situaci\u00f3n del sector lechero: \u201cno podemos desaprovechar las oportunidades que el mundo ofrece, que demanda alimentos\u201d.<\/h2>\n<p><!--more--><\/p>\n<p>En la presentaci\u00f3n de Agroactiva, ayer en Monje, Carlos Fascendini fue consultado por <strong>Nuestro Agro<\/strong> acerca de c\u00f3mo cierra el a\u00f1o la lecher\u00eda santafesina: \u201ccierra con una baja de producci\u00f3n producto fundamentalmente de las cuestiones clim\u00e1ticas, pero seguimos insistiendo en el mejoramiento de las pol\u00edticas comerciales que tiene que tener el pa\u00eds para poder abrir la exportaci\u00f3n, para que los ROE no sean manejados con discrecionalidad; que realmente haya una posibilidad cierta y concreta de poder exportar nuestros productos y aumentar la producci\u00f3n l\u00e1ctea\u201d.<\/p>\n<p>Respecto de los cr\u00e9ditos para los tamberos afectados por los excesos h\u00eddricos de principios de a\u00f1o, el ministro reconoci\u00f3 que la primera partida se agot\u00f3 r\u00e1pidamente y ahora gestionan otra para continuar con la demanda de los productores. \u201cTenemos una dificultad: hace dos meses que estamos trabajando con el Banco de Santa Fe y todav\u00eda no nos han podido responder si nos pueden prorrogar otra partida de 100 millones de pesos para seguir financiando al productor tambero, en condiciones de cr\u00e9ditos subsidiado\u201d. Seg\u00fan Fascendini, la Naci\u00f3n ya ha dado su visto bueno para hacerse cargo de la mitad de la tasa subsidiada, pero el Banco no destraba el monto del cr\u00e9dito. \u201cEl mercado financiero es totalmente inestable y los bancos est\u00e1n sujetos a esos vaivenes, eso es lo que est\u00e1 demorando la implementaci\u00f3n de esta partida, que pol\u00edticamente ya tenemos decidida\u201d, afirm\u00f3 el ministro.<\/p>\n<p>En relaci\u00f3n con los caminos rurales por donde transita la producci\u00f3n lechera, y que se encuentran en p\u00e9simo estado luego de las inundaciones, el funcionario descarg\u00f3 la responsabilidad en las comunas: \u201clos caminos de la zona tambera, son propiedad y responsabilidad de las comunas; las rutas provinciales, en su mayor\u00eda est\u00e1n pavimentadas y si bien hay deficiencias, siempre estamos tratando de insistir sobre la DPV en la reparaci\u00f3n de esas rutas antes de la iniciaci\u00f3n de obras nuevas, que tambi\u00e9n hacen falta\u201d, reconoci\u00f3 Fascendini. \u201cSi bien el presupuesto del a\u00f1o 2015 tiene una partida importante en vialidad, sucede que el presupuesto de la provincia tambi\u00e9n tiene un l\u00edmite y no nos permite avanzar en la forma que queremos hacerlo con todas las obras a la vez\u201d, se defendi\u00f3 el ministro.<\/p>\n<p>Finalmente, Fascendini cont\u00f3 a <strong>Nuestro Agro<\/strong> que en una reuni\u00f3n reciente con productores e industriales pymes, se acord\u00f3 avanzar en la concreci\u00f3n de la tan ansiada planta de secado que les permita exportar a precios competitivos sin intermediarios y a los productores integrarse a la cadena desde el eslab\u00f3n industrial\/comercial.<\/p>\n<p><strong>Fuente: Nuestro Agro<\/strong><\/p>\n","protected":false},"excerpt":{"rendered":"<p>El ministro de la Producci\u00f3n de Santa Fe se refiri\u00f3 a las pol\u00edticas comerciales y la situaci\u00f3n del sector lechero: \u201cno podemos desaprovechar las oportunidades que el mundo ofrece, que demanda alimentos\u201d.<\/p>\n","protected":false},"author":5,"featured_media":0,"comment_status":"open","ping_status":"open","sticky":false,"template":"","format":"standard","meta":[],"categories":[46,33],"tags":[94,1647,1301,650],"_links":{"self":[{"href":"http:\/\/rurallascolonias.com.ar\/index.php?rest_route=\/wp\/v2\/posts\/4961"}],"collection":[{"href":"http:\/\/rurallascolonias.com.ar\/index.php?rest_route=\/wp\/v2\/posts"}],"about":[{"href":"http:\/\/rurallascolonias.com.ar\/index.php?rest_route=\/wp\/v2\/types\/post"}],"author":[{"embeddable":true,"href":"http:\/\/rurallascolonias.com.ar\/index.php?rest_route=\/wp\/v2\/users\/5"}],"replies":[{"embeddable":true,"href":"http:\/\/rurallascolonias.com.ar\/index.php?rest_route=%2Fwp%2Fv2%2Fcomments&post=4961"}],"version-history":[{"count":1,"href":"http:\/\/rurallascolonias.com.ar\/index.php?rest_route=\/wp\/v2\/posts\/4961\/revisions"}],"predecessor-version":[{"id":4962,"href":"http:\/\/rurallascolonias.com.ar\/index.php?rest_route=\/wp\/v2\/posts\/4961\/revisions\/4962"}],"wp:attachment":[{"href":"http:\/\/rurallascolonias.com.ar\/index.php?rest_route=%2Fwp%2Fv2%2Fmedia&parent=4961"}],"wp:term":[{"taxonomy":"category","embeddable":true,"href":"http:\/\/rurallascolonias.com.ar\/index.php?rest_route=%2Fwp%2Fv2%2Fcategories&post=4961"},{"taxonomy":"post_tag","embeddable":true,"href":"http:\/\/rurallascolonias.com.ar\/index.php?rest_route=%2Fwp%2Fv2%2Ftags&post=4961"}],"curies":[{"name":"wp","href":"https:\/\/api.w.org\/{rel}","templated":true}]}}