{"id":4955,"date":"2014-11-27T17:15:01","date_gmt":"2014-11-27T17:15:01","guid":{"rendered":"http:\/\/rurallascolonias.com.ar\/?p=4955"},"modified":"2014-11-27T17:15:01","modified_gmt":"2014-11-27T17:15:01","slug":"con-una-coyuntura-complicada-en-el-campo-apuestan-a-una-mayor-demanda","status":"publish","type":"post","link":"http:\/\/rurallascolonias.com.ar\/?p=4955","title":{"rendered":"Con una coyuntura complicada, en el campo apuestan a una mayor demanda"},"content":{"rendered":"<div class=\"description\"><a href=\"http:\/\/rurallascolonias.com.ar\/wp-content\/uploads\/2014\/11\/apuestas-del-campo.png\"><img loading=\"lazy\" class=\"aligncenter size-full wp-image-4956\" src=\"http:\/\/rurallascolonias.com.ar\/wp-content\/uploads\/2014\/11\/apuestas-del-campo.png\" alt=\"apuestas del campo\" width=\"337\" height=\"149\" srcset=\"http:\/\/rurallascolonias.com.ar\/wp-content\/uploads\/2014\/11\/apuestas-del-campo.png 337w, http:\/\/rurallascolonias.com.ar\/wp-content\/uploads\/2014\/11\/apuestas-del-campo-300x132.png 300w\" sizes=\"(max-width: 337px) 100vw, 337px\" \/><\/a>Productores, exportadores y proveedores piden que las pol\u00edticas p\u00fablicas acompa\u00f1en la oportunidad de exportar y atraer nuevas inversiones.<\/div>\n<p><!--more--><\/p>\n<div class=\"authorinfo\"><\/div>\n<div class=\"vsmcontent\">\n<p>Sin repuesta a sus principales reclamos, el sector agropecuario sufre ahora tambi\u00e9n una baja de los precios de los granos. Si bien sus referentes coincidieron en ser optimistas a futuro, reconocieron que la coyuntura es complicada.<\/p>\n<p align=\"justify\">En un panel moderado por el subdirector Period\u00edstico de El Cronista, Hern\u00e1n de Go\u00f1i, participaron el director Ejecutivo de Louis Dreyfus, Gonzalo Ram\u00edrez Martiarena; el presidente de ZED, David Lacroze; el CEO de Monsanto, Luiz Beling y el gerente General de Cresud, Carlos Blousson.<\/p>\n<p align=\"justify\">Ram\u00edrez Martiarena, perteneciente a una de las m\u00e1s grandes \u2019traders\u2019 de granos del mundo, explic\u00f3 que los altos precios del pasado se debieron a que \u201cel mundo tuvo faltantes de stock y fallas productivas\u201d, mientras que en la actualidad, se reacomodaron los stocks y la demanda se mantuvo, y eso enfri\u00f3 los precios. Sin embargo, la visi\u00f3n de mediano y largo plazo es alcista \u201cporque el mundo sigue creciendo y la Argentina tiene una \u201coportunidad incre\u00edble en los a\u00f1os por venir\u201d, asegur\u00f3.<\/p>\n<p align=\"justify\">Lacroze coincidi\u00f3 con el an\u00e1lisis y agreg\u00f3 que los factores que impactan en los precios son \u201cDios (por el clima) y la tasa de inter\u00e9s, que puede fortalecer al d\u00f3lar y debilitar a los commodities\u201d. Sin embargo, el empresario, fundador del grupo agropecuario que hoy tiene negocios agr\u00edcolas, ganaderos y de exportaci\u00f3n, cuestion\u00f3 la premisa de que los altos precios de la soja hayan favorecido a la Argentina. Esos valores, opin\u00f3, beneficiaron a pa\u00edses que tuvieron pol\u00edticas econ\u00f3micas \u201cdistintas\u201d. Ac\u00e1, \u201cfavorecieron al gobierno de turno y le permitieron extraer m\u00e1s de u$s 80.000 millones\u201d al sector y \u201cllevar el gasto al 43% del PBI\u201d. As\u00ed, concluy\u00f3 \u201cse benefici\u00f3 el consumo, pero el costo fue tremendo\u201d. Lacroze fue presidente de la extinta Junta Nacional de Granos en los \u201980, adem\u00e1s de subsecretario de Agricultura de la Naci\u00f3n.<\/p>\n<p align=\"justify\">A su turno, Beling, asegur\u00f3 que la demanda crece por el aumento de la poblaci\u00f3n y el cambio de dieta. \u201cUna oportunidad que veo est\u00e1 en la productividad\u201d dijo, y explic\u00f3 que en los \u00faltimos 10 a\u00f1os los rindes \u201cno han crecido\u201d. En este sentido pesan las pol\u00edticas p\u00fablicas y las oportunidades de cr\u00e9dito, asegur\u00f3.<\/p>\n<p align=\"justify\">A su lado Blousson, hizo foco en los valores de los insumos, que no bajaron en l\u00ednea con los precios de los granos. Destac\u00f3 que pese a que existen instrumentos para arbitrar precios \u201cen la Argentina, en el \u00faltimo tiempo, no fueron f\u00e1ciles de administrar\u201d. El cap\u00edtulo chino tambi\u00e9n tuvo su momento en el panel, de cara al fuerte inter\u00e9s del socio asi\u00e1tico en productos y empresas vinculadas con el agro. Al respecto, Beling reflexion\u00f3 que China est\u00e1 buscando relacionarse con Brasil, Argentina y Estados Unidos para abastecerse de soja. \u201cCreo que va a ser importador durante muchos a\u00f1os, porque las inversiones que ha hecho fueron destinadas a autoabastecerse de otros productos, como ma\u00edz\u201d, se\u00f1al\u00f3.<\/p>\n<p align=\"justify\">Respecto de las posibilidades de abrir el mercado local a m\u00e1s exportaciones e inversiones, Lacroze fue el m\u00e1s cr\u00edtico del panel.<\/p>\n<p align=\"justify\"><strong>\u201cLas distorsiones han sido tremendas\u00bb<\/strong><\/p>\n<p align=\"justify\">Tenemos que empezar por eliminar impuestos distorsivos como retenciones e impuesto al cheque. Hay que hacer de nuevo la infraestructura de caminos y transporte, tambi\u00e9n al sistema energ\u00e9tico y, en el plano econ\u00f3mico no se puede trabajar con esta inflaci\u00f3n, porque la moneda no termina siendo una instituci\u00f3n\u201d.<\/p>\n<p align=\"justify\">Los panelistas destacaron la necesidad de trabajo conjunto de las \u00e1reas p\u00fablicas y privadas.<\/p>\n<p align=\"justify\">Ram\u00edrez Martiarena inst\u00f3 a trabajar en conjunto \u201ccomo cadena completa, con los proveedores, productores e industria y por sobre todas las cosas, con la coordinaci\u00f3n del Estado\u201d. Beling, agreg\u00f3 que los fondos de inversi\u00f3n en el mundo, que est\u00e1n viendo d\u00f3nde poner la plata, miran a la Argentina y s\u00f3lo necesitan pol\u00edticas m\u00e1s claras y estables y ver trabajo conjunto<\/p>\n<p align=\"justify\">Fuente: <a title=\"El Cronista Comercial\" href=\"http:\/\/www.elcronista.com\/\"><span style=\"color: #0066cc;\">El Cronista Comercial<\/span><\/a><\/p>\n<\/div>\n","protected":false},"excerpt":{"rendered":"<p>Productores, exportadores y proveedores piden que las pol\u00edticas p\u00fablicas acompa\u00f1en la oportunidad de exportar y atraer nuevas inversiones.<\/p>\n","protected":false},"author":5,"featured_media":0,"comment_status":"open","ping_status":"open","sticky":false,"template":"","format":"standard","meta":[],"categories":[14],"tags":[1646,95],"_links":{"self":[{"href":"http:\/\/rurallascolonias.com.ar\/index.php?rest_route=\/wp\/v2\/posts\/4955"}],"collection":[{"href":"http:\/\/rurallascolonias.com.ar\/index.php?rest_route=\/wp\/v2\/posts"}],"about":[{"href":"http:\/\/rurallascolonias.com.ar\/index.php?rest_route=\/wp\/v2\/types\/post"}],"author":[{"embeddable":true,"href":"http:\/\/rurallascolonias.com.ar\/index.php?rest_route=\/wp\/v2\/users\/5"}],"replies":[{"embeddable":true,"href":"http:\/\/rurallascolonias.com.ar\/index.php?rest_route=%2Fwp%2Fv2%2Fcomments&post=4955"}],"version-history":[{"count":1,"href":"http:\/\/rurallascolonias.com.ar\/index.php?rest_route=\/wp\/v2\/posts\/4955\/revisions"}],"predecessor-version":[{"id":4957,"href":"http:\/\/rurallascolonias.com.ar\/index.php?rest_route=\/wp\/v2\/posts\/4955\/revisions\/4957"}],"wp:attachment":[{"href":"http:\/\/rurallascolonias.com.ar\/index.php?rest_route=%2Fwp%2Fv2%2Fmedia&parent=4955"}],"wp:term":[{"taxonomy":"category","embeddable":true,"href":"http:\/\/rurallascolonias.com.ar\/index.php?rest_route=%2Fwp%2Fv2%2Fcategories&post=4955"},{"taxonomy":"post_tag","embeddable":true,"href":"http:\/\/rurallascolonias.com.ar\/index.php?rest_route=%2Fwp%2Fv2%2Ftags&post=4955"}],"curies":[{"name":"wp","href":"https:\/\/api.w.org\/{rel}","templated":true}]}}