{"id":4950,"date":"2014-11-26T17:43:45","date_gmt":"2014-11-26T17:43:45","guid":{"rendered":"http:\/\/rurallascolonias.com.ar\/?p=4950"},"modified":"2014-11-26T17:43:45","modified_gmt":"2014-11-26T17:43:45","slug":"encontrado-que-dice-el-proyecto-del-ley-que-modifica-al-ipcva","status":"publish","type":"post","link":"http:\/\/rurallascolonias.com.ar\/?p=4950","title":{"rendered":"Encontrado: Qu\u00e9 dice el proyecto del Ley que modifica al IPCVA"},"content":{"rendered":"<p><a href=\"http:\/\/rurallascolonias.com.ar\/wp-content\/uploads\/2014\/11\/IPCVA.png\"><img loading=\"lazy\" class=\"aligncenter size-full wp-image-4951\" src=\"http:\/\/rurallascolonias.com.ar\/wp-content\/uploads\/2014\/11\/IPCVA.png\" alt=\"IPCVA\" width=\"337\" height=\"149\" srcset=\"http:\/\/rurallascolonias.com.ar\/wp-content\/uploads\/2014\/11\/IPCVA.png 337w, http:\/\/rurallascolonias.com.ar\/wp-content\/uploads\/2014\/11\/IPCVA-300x132.png 300w\" sizes=\"(max-width: 337px) 100vw, 337px\" \/><\/a>El Senado de la Naci\u00f3n public\u00f3 hoy la iniciativa elevada por el Poder Ejecutivo el viernes pasado. La Mesa de Enlace podr\u00eda perder representatividad en el Instituto<!--more--><\/p>\n<p>Finalmente se conoci\u00f3 hoy el proyecto de Ley impulsado por el Gobierno con el objetivo de modificar el funcionamiento del Instituto de Promoci\u00f3n de la Carne Vacuna Argentina (IPCVA) para incluir otras carnes.<\/p>\n<p>Tal como hab\u00eda sido adelantado, la iniciativa enviada al Senado el viernes pasado expande los \u00f3rganos de gobierno del Instituto, ampliando los integrantes de la Asamblea y el Consejo de Representantes con una mayor presencia de delegados oficiales. De esta forma, el control del nuevo organismo quedar\u00eda en manos del Estado.<\/p>\n<p><strong>Punto por punto<\/strong><\/p>\n<p>Ya desde el vamos, el IPCVA cambiar\u00e1 su nombre a Instituto de Promoci\u00f3n de la Carne Argentina (IPCA) y se agregar\u00e1 entre sus objetivos la difusi\u00f3n de carnes porcinas, aviares, ovinas, caprinas y las provenientes de la pesca y la acuicultura, \u00abcontribuyendo a concientizar acerca del consumo equilibrado de carnes\u00bb, dice el Art\u00edculo 2 del proyecto.<\/p>\n<p>Adem\u00e1s, deja la puerta abierta a la inclusi\u00f3n e otras cadenas \u00abpor decisi\u00f3n del Poder Ejecutivo Nacional\u00bb.<\/p>\n<p><strong>La administraci\u00f3n<\/strong><\/p>\n<p>El punto que despierta mayor pol\u00e9mica es la ampliaci\u00f3n de la Asamblea y el Consejo representantes, en el cual no estar\u00e1 asegurada la presencia de las cuatro entidades que componen la Mesa de Enlace, ni la de las c\u00e1maras frigor\u00edficas que act\u00faan hoy en el IPCVA.<\/p>\n<p>De acuerdo al Art\u00edculo 4, la Asamblea estar\u00e1 integrada por 18 miembros: seis representantes de los sectores productivos de las distintas cadenas de valor de las carnes antes mencionadas, dos los cuales deben provenir de cooperativas y de peque\u00f1os productores; tres representantes de las diferentes industrias; uno del ministerio de Agricultura; uno del INTA; uno del Senasa; uno del Instituto Nacional de Investigaci\u00f3n y Desarrollo Pesquero (INIDEP); y cinco representantes de las provincias productoras. En este \u00faltimo caso, se eligir\u00e1 uno por regi\u00f3n productiva conforme al ordenamiento del Consejo Federal Agropecuario (CFA).<\/p>\n<p>De este modo, la Sociedad Rural Argentina, Federaci\u00f3n Agraria, Coninagro y CRA deber\u00e1n disputar sus lugares con las asociaciones espec\u00edficas de cada una de las cadenas y organizaciones de agricultores familiares.<\/p>\n<p><strong>El Consejo <\/strong><\/p>\n<p>En tanto, el Consejo de Representantes estar\u00e1 integrado por tres miembros de la producci\u00f3n; uno de la industria (se entiende que deber\u00e1 velar por los intereses industriales de todas las cadenas); uno del ministerio de Agricultura; uno del INTA; uno del Senasa; y uno de las provincias, siempre en acuerdo del CFA.<\/p>\n<p>Por su parte, la Presidencia, que actualmente rota entre las cuatro entidades de la Mesa de Enlace, quedar\u00e1 en manos del representante del ministerio de Agricultura.<\/p>\n<p>La estructura tambi\u00e9n prev\u00e9 la ampliaci\u00f3n del Consejo Asesor con la participaci\u00f3n del ministerio de Ciencia y Tecnolog\u00eda y del sector acad\u00e9mico.<br \/>\n<strong>Qui\u00e9n financia<\/strong><\/p>\n<p>Finalmente, el proyecto se limita a ampliar la base de los aportantes al Instituto. Con ese fin reemplaza la referencia de \u00abres vacuna\u00bb por la de \u00abanimal faenado\u00bb y conserva las al\u00edcuotas a tributar en cada caso. De todos modos, se aclara que en la reglamentaci\u00f3n se podr\u00e1n establecer al\u00edcuotas diferenciadas para los diferentes sectores.<\/p>\n<p>De este modo, aunque el Estado Nacional y los provinciales tendr\u00e1n el control del IPCA, el cien por ciento de los aportes para financiar su funcionamiento continuar\u00e1 como responsabilidad de los privados.<br \/>\nPor Marcos Lopez Arriazu<\/p>\n","protected":false},"excerpt":{"rendered":"<p>El Senado de la Naci\u00f3n public\u00f3 hoy la iniciativa elevada por el Poder Ejecutivo el viernes pasado. La Mesa de Enlace podr\u00eda perder representatividad en el Instituto<\/p>\n","protected":false},"author":5,"featured_media":0,"comment_status":"open","ping_status":"open","sticky":false,"template":"","format":"standard","meta":[],"categories":[42],"tags":[820,1643],"_links":{"self":[{"href":"http:\/\/rurallascolonias.com.ar\/index.php?rest_route=\/wp\/v2\/posts\/4950"}],"collection":[{"href":"http:\/\/rurallascolonias.com.ar\/index.php?rest_route=\/wp\/v2\/posts"}],"about":[{"href":"http:\/\/rurallascolonias.com.ar\/index.php?rest_route=\/wp\/v2\/types\/post"}],"author":[{"embeddable":true,"href":"http:\/\/rurallascolonias.com.ar\/index.php?rest_route=\/wp\/v2\/users\/5"}],"replies":[{"embeddable":true,"href":"http:\/\/rurallascolonias.com.ar\/index.php?rest_route=%2Fwp%2Fv2%2Fcomments&post=4950"}],"version-history":[{"count":1,"href":"http:\/\/rurallascolonias.com.ar\/index.php?rest_route=\/wp\/v2\/posts\/4950\/revisions"}],"predecessor-version":[{"id":4952,"href":"http:\/\/rurallascolonias.com.ar\/index.php?rest_route=\/wp\/v2\/posts\/4950\/revisions\/4952"}],"wp:attachment":[{"href":"http:\/\/rurallascolonias.com.ar\/index.php?rest_route=%2Fwp%2Fv2%2Fmedia&parent=4950"}],"wp:term":[{"taxonomy":"category","embeddable":true,"href":"http:\/\/rurallascolonias.com.ar\/index.php?rest_route=%2Fwp%2Fv2%2Fcategories&post=4950"},{"taxonomy":"post_tag","embeddable":true,"href":"http:\/\/rurallascolonias.com.ar\/index.php?rest_route=%2Fwp%2Fv2%2Ftags&post=4950"}],"curies":[{"name":"wp","href":"https:\/\/api.w.org\/{rel}","templated":true}]}}