{"id":4930,"date":"2014-11-25T16:38:06","date_gmt":"2014-11-25T16:38:06","guid":{"rendered":"http:\/\/rurallascolonias.com.ar\/?p=4930"},"modified":"2014-11-25T16:38:06","modified_gmt":"2014-11-25T16:38:06","slug":"los-pequenos-tamberos-podran-acceder-a-una-compensacion-por-desastre-natural","status":"publish","type":"post","link":"http:\/\/rurallascolonias.com.ar\/?p=4930","title":{"rendered":"Los peque\u00f1os tamberos podr\u00e1n acceder a una compensaci\u00f3n por desastre natural"},"content":{"rendered":"<p><a href=\"http:\/\/rurallascolonias.com.ar\/wp-content\/uploads\/2014\/09\/vacas-en-tambos.png\"><img loading=\"lazy\" class=\"aligncenter size-full wp-image-4173\" src=\"http:\/\/rurallascolonias.com.ar\/wp-content\/uploads\/2014\/09\/vacas-en-tambos.png\" alt=\"vacas en tambos\" width=\"255\" height=\"198\" \/><\/a>As\u00ed se refiri\u00f3 el director de Producci\u00f3n L\u00e1ctea del Ministerio de Asuntos Agrarios de la provincia de Buenos Aires, Marcelo Lioi, a la Resoluci\u00f3n 208\/14.<!--more--><\/p>\n<p>A partir de una iniciativa generada por el Ministro de Asuntos Agrarios bonaerense, Alejandro \u00abTopo\u00bb Rodr\u00edguez, junto a sus pares de C\u00f3rdoba y Santa Fe, la Secretar\u00eda de Comercio de la Naci\u00f3n contempl\u00f3 la situaci\u00f3n de los peque\u00f1os productores tamberos que se vieron afectados por los excesos de lluvias y se encuentran en emergencia o desastre agropecuario.<\/p>\n<p>Seg\u00fan explic\u00f3 el director de Producci\u00f3n L\u00e1ctea del Ministerio de Asuntos Agrarios de la provincia de Buenos Aires, Marcelo Lioi, se incorpor\u00f3 un factor de descuento del 20% en el c\u00e1lculo para determinar los incrementos de producci\u00f3n que permiten acceder a la compensaci\u00f3n de 10 pesos por cada kilogramo adicional de s\u00f3lido producido, tal como se establece en la Resoluci\u00f3n 208\/14. El beneficio est\u00e1 dirigido a los peque\u00f1os productores tamberos, que generan un promedio diario de hasta 3.000 litros de leche.<\/p>\n<p>\u00abPodr\u00e1n acceder a este beneficio tanto los productores que est\u00e1n bajo el Sistema de Liquidaci\u00f3n \u00danica como para los que no est\u00e1n\u00bb, aclar\u00f3 Lioi. En el caso de los productores que no est\u00e1n dentro del sistema, deber\u00e1n presentar una declaraci\u00f3n jurada.<\/p>\n<p>En esta l\u00ednea, el funcionario detall\u00f3 que para seguir recibiendo este beneficio, se les otorgar\u00e1 un tiempo para ingresar al sistema, que hoy es obligatorio para todos los productores del pa\u00eds.<\/p>\n<p>Fuente: Infocampo<\/p>\n","protected":false},"excerpt":{"rendered":"<p>As\u00ed se refiri\u00f3 el director de Producci\u00f3n L\u00e1ctea del Ministerio de Asuntos Agrarios de la provincia de Buenos Aires, Marcelo Lioi, a la Resoluci\u00f3n 208\/14.<\/p>\n","protected":false},"author":5,"featured_media":0,"comment_status":"open","ping_status":"open","sticky":false,"template":"","format":"standard","meta":[],"categories":[46],"tags":[1634,1633],"_links":{"self":[{"href":"http:\/\/rurallascolonias.com.ar\/index.php?rest_route=\/wp\/v2\/posts\/4930"}],"collection":[{"href":"http:\/\/rurallascolonias.com.ar\/index.php?rest_route=\/wp\/v2\/posts"}],"about":[{"href":"http:\/\/rurallascolonias.com.ar\/index.php?rest_route=\/wp\/v2\/types\/post"}],"author":[{"embeddable":true,"href":"http:\/\/rurallascolonias.com.ar\/index.php?rest_route=\/wp\/v2\/users\/5"}],"replies":[{"embeddable":true,"href":"http:\/\/rurallascolonias.com.ar\/index.php?rest_route=%2Fwp%2Fv2%2Fcomments&post=4930"}],"version-history":[{"count":1,"href":"http:\/\/rurallascolonias.com.ar\/index.php?rest_route=\/wp\/v2\/posts\/4930\/revisions"}],"predecessor-version":[{"id":4931,"href":"http:\/\/rurallascolonias.com.ar\/index.php?rest_route=\/wp\/v2\/posts\/4930\/revisions\/4931"}],"wp:attachment":[{"href":"http:\/\/rurallascolonias.com.ar\/index.php?rest_route=%2Fwp%2Fv2%2Fmedia&parent=4930"}],"wp:term":[{"taxonomy":"category","embeddable":true,"href":"http:\/\/rurallascolonias.com.ar\/index.php?rest_route=%2Fwp%2Fv2%2Fcategories&post=4930"},{"taxonomy":"post_tag","embeddable":true,"href":"http:\/\/rurallascolonias.com.ar\/index.php?rest_route=%2Fwp%2Fv2%2Ftags&post=4930"}],"curies":[{"name":"wp","href":"https:\/\/api.w.org\/{rel}","templated":true}]}}