{"id":4906,"date":"2014-11-21T12:24:07","date_gmt":"2014-11-21T12:24:07","guid":{"rendered":"http:\/\/rurallascolonias.com.ar\/?p=4906"},"modified":"2014-11-21T12:24:07","modified_gmt":"2014-11-21T12:24:07","slug":"el-maiz-temprano-avanza-en-muy-buenas-condiciones","status":"publish","type":"post","link":"http:\/\/rurallascolonias.com.ar\/?p=4906","title":{"rendered":"El ma\u00edz temprano avanza en muy buenas condiciones"},"content":{"rendered":"<p><strong><em><a href=\"http:\/\/rurallascolonias.com.ar\/wp-content\/uploads\/2014\/09\/ma\u00edz.png\"><img loading=\"lazy\" class=\"aligncenter size-full wp-image-4099\" src=\"http:\/\/rurallascolonias.com.ar\/wp-content\/uploads\/2014\/09\/ma\u00edz.png\" alt=\"ma\u00edz\" width=\"312\" height=\"161\" srcset=\"http:\/\/rurallascolonias.com.ar\/wp-content\/uploads\/2014\/09\/ma\u00edz.png 312w, http:\/\/rurallascolonias.com.ar\/wp-content\/uploads\/2014\/09\/ma\u00edz-300x154.png 300w\" sizes=\"(max-width: 312px) 100vw, 312px\" \/><\/a>LA GRUESA<\/em><\/strong><\/p>\n<p><span style=\"color: #333333;\">Las lluvias de los \u00faltimos d\u00edas rompieron la tendencia de dejar los mayores acumulados en la franja este de la regi\u00f3n n\u00facleo<\/span><!--more--><\/p>\n<div class=\"vsmcontent\" style=\"color: #333333;\">\n<p style=\"color: #333333;\">El ma\u00edz temprano avanza en su crecimiento en muy buenas condiciones. Est\u00e1 expandiendo entre seis a nueve hojas. En esta campa\u00f1a ganar\u00eda protagonismo el ma\u00edz de segunda que se sembrar\u00eda luego de las gram\u00edneas invernales y se relegar\u00eda el ma\u00edz tard\u00edo a lotes de baja aptitud agr\u00edcola o lotes con muchos problemas de malezas. Todo esto indicar\u00eda que los ma\u00edces de diciembre estar\u00edan lejos de compensar la ca\u00edda de \u00e1rea que sufri\u00f3 el ma\u00edz de primera.<\/p>\n<p style=\"color: #333333;\">El GEA de la Bolsa de Comercio de Rosario indic\u00f3 que las lluvias de los \u00faltimos d\u00edas rompieron la tendencia de dejar los mayores acumulados en la franja este de la regi\u00f3n n\u00facleo. La disparidad que se produjo este a\u00f1o entre la zona m\u00e1s mediterr\u00e1nea y la zona recostada sobre el Paran\u00e1 dej\u00f3 700 mm de diferencia entre ambas en lo que va del a\u00f1o, cuando hist\u00f3ricamente la brecha es de unos 100 mm anuales. Esta vez los mayores registros de precipitaci\u00f3n se produjeron sobre el sudeste de C\u00f3rdoba, sur de Santa Fe y noroeste de Buenos Aires, con un promedio entre los 20 y 25 mm, con la mayor marca en Bell Ville, con 30,4 mm. Esto es una buena se\u00f1al para el oeste que viene retrasado con las recargas. En el resto de la regi\u00f3n las lluvias promediaron entre 0 y 10 mm.<\/p>\n<p style=\"color: #333333;\">\n<\/div>\n<div class=\"copyright\" style=\"color: #333333;\">\n<div class=\"author\">GEA<\/div>\n<\/div>\n","protected":false},"excerpt":{"rendered":"<p>LA GRUESA Las lluvias de los \u00faltimos d\u00edas rompieron la tendencia de dejar los mayores acumulados en la franja este de la regi\u00f3n n\u00facleo<\/p>\n","protected":false},"author":5,"featured_media":0,"comment_status":"open","ping_status":"open","sticky":false,"template":"","format":"standard","meta":[],"categories":[18],"tags":[1632],"_links":{"self":[{"href":"http:\/\/rurallascolonias.com.ar\/index.php?rest_route=\/wp\/v2\/posts\/4906"}],"collection":[{"href":"http:\/\/rurallascolonias.com.ar\/index.php?rest_route=\/wp\/v2\/posts"}],"about":[{"href":"http:\/\/rurallascolonias.com.ar\/index.php?rest_route=\/wp\/v2\/types\/post"}],"author":[{"embeddable":true,"href":"http:\/\/rurallascolonias.com.ar\/index.php?rest_route=\/wp\/v2\/users\/5"}],"replies":[{"embeddable":true,"href":"http:\/\/rurallascolonias.com.ar\/index.php?rest_route=%2Fwp%2Fv2%2Fcomments&post=4906"}],"version-history":[{"count":1,"href":"http:\/\/rurallascolonias.com.ar\/index.php?rest_route=\/wp\/v2\/posts\/4906\/revisions"}],"predecessor-version":[{"id":4907,"href":"http:\/\/rurallascolonias.com.ar\/index.php?rest_route=\/wp\/v2\/posts\/4906\/revisions\/4907"}],"wp:attachment":[{"href":"http:\/\/rurallascolonias.com.ar\/index.php?rest_route=%2Fwp%2Fv2%2Fmedia&parent=4906"}],"wp:term":[{"taxonomy":"category","embeddable":true,"href":"http:\/\/rurallascolonias.com.ar\/index.php?rest_route=%2Fwp%2Fv2%2Fcategories&post=4906"},{"taxonomy":"post_tag","embeddable":true,"href":"http:\/\/rurallascolonias.com.ar\/index.php?rest_route=%2Fwp%2Fv2%2Ftags&post=4906"}],"curies":[{"name":"wp","href":"https:\/\/api.w.org\/{rel}","templated":true}]}}