{"id":4902,"date":"2014-11-20T18:16:46","date_gmt":"2014-11-20T18:16:46","guid":{"rendered":"http:\/\/rurallascolonias.com.ar\/?p=4902"},"modified":"2014-11-20T18:16:46","modified_gmt":"2014-11-20T18:16:46","slug":"campo-maldito-las-lluvias-hacen-crecer-la-amenaza-del-carbunclo","status":"publish","type":"post","link":"http:\/\/rurallascolonias.com.ar\/?p=4902","title":{"rendered":"Campo maldito: Las lluvias hacen crecer la amenaza del carbunclo"},"content":{"rendered":"<p><a href=\"http:\/\/rurallascolonias.com.ar\/wp-content\/uploads\/2014\/09\/carbunclo.png\"><img loading=\"lazy\" class=\"aligncenter size-full wp-image-4024\" src=\"http:\/\/rurallascolonias.com.ar\/wp-content\/uploads\/2014\/09\/carbunclo.png\" alt=\"carbunclo\" width=\"294\" height=\"171\" \/><\/a>Las inundaciones provocaron que la bacteria circulara entre los campos con mayor facilidad, favoreciendo el contagio de la enfermedad. Enterese porqu\u00e9 es tan importante prevenirla.<!--more--><\/p>\n<p>Con las lluvias registradas en los \u00faltimos meses, los casos de carbunclo aumentaron significativamente en la provincia de Buenos Aires y en gran parte del centro del pa\u00eds. La enfermedad no s\u00f3lo gener\u00f3 la muerte de animales adultos sino tambi\u00e9n el fallecimiento de un pe\u00f3n de campo en Santa Fe. Sin darle la espalda al asunto, tanto el ministro de Asuntos Agrarios de Buenos Aires, Alejandro \u00abTopo\u00bb Rodr\u00edguez como su par santafesino, Carlos Fascendini, decretaron la vacunaci\u00f3n obligatoria de los rodeos.<\/p>\n<p>Cabe destacar que en el caso de Buenos Aires, fue necesaria la emisi\u00f3n de una Resoluci\u00f3n que estableciera que \u00abla vacunaci\u00f3n contra el Carbunclo sea de car\u00e1cter obligatorio\u00bb, para revivir una ordenanza en desuso desde 1961.<\/p>\n<p>Infocampo convers\u00f3 con Juan Angel Cruz, Subsecretario de Producci\u00f3n, Econom\u00eda y Desarrollo Rural de Asuntos Agrarios, y M\u00e9dico Veterinario oriundo de la localidad de Chivilcoy, quien explic\u00f3 porque se emiti\u00f3 la Resoluci\u00f3n.<\/p>\n<p>\u00abLa obligatoriedad estaba presente desde el &#8217;61 pero no se hab\u00eda implementado a\u00fan. Impulsados por la Comisi\u00f3n Provincial de Sanidad Animal (COPROSA), tomamos esa ley sanitaria a mediados de marzo (cuando ya el exceso de humedad y lluvias comenzaron a favorecer que la bacteria se movilice de campo a campo), y dictamos la Resoluci\u00f3n 115\/14 que declara la obligatoriedad de la vacunaci\u00f3n a partir del 1 de octubre de 2014\u00bb, detall\u00f3 el funcionario.<\/p>\n<p>El motivo de la medida es claro: \u00absi consideramos que el carbunclo es contagioso para el humano, el riesgo que corremos es muy alto, algo que se puede minimizar con una vacuna que tiene un costo de entre 1 y 2 pesos por cabeza\u00bb, asegur\u00f3.<\/p>\n<p>Seg\u00fan detalla la Organizaci\u00f3n Mundial de la Sanidad Animal: \u00abEl \u00e1ntrax o carbunclo bacteridiano es una enfermedad causada por la bacteria esporulada. El nombre de la bacteria deriva del t\u00e9rmino griego para el carb\u00f3n, debido a las \u00falceras con centros oscuros que se desarrollan en la piel de los enfermos. Aunque la mayor parte de mam\u00edferos son sensibles, es una enfermedad t\u00edpica de los rumiantes y del hombre\u00bb.<\/p>\n<p>Un paso fundamental en la lucha contra el carbunclo es la capacitaci\u00f3n. \u00abEsta enfermedad milenaria, conocida como &#8216;Campo Maldito&#8217;, muchas veces no es reconocida a tiempo por el productor y por desconocimiento o ignorancia se incurren en errores fatales como, por ejemplo, cuerear al animal muerto. Por ello hay que capacitar a los ganaderos para que sepan c\u00f3mo se debe manipular a un animal cuando ya contrajo la enfermedad\u00bb, destac\u00f3 Cruz.<\/p>\n<p>La Resoluci\u00f3n, exime de la obligatoriedad de vacunar a los establecimientos de encierre a corral debido a que el carbunclo generalmente afecta a los\u00a0 bovinos adultos. \u00abLos animales que van al feedlot generalmente entran despu\u00e9s del destete, se les da un engorde a corral y directamente se env\u00edan a faena. Con lo cual, por la misma din\u00e1mica del trabajo, no son esos establecimientos focos de contagio\u00bb, explic\u00f3 Cruz, resaltando que por la misma raz\u00f3n \u00abla vacunaci\u00f3n se hizo obligatoria a partir de los 8 meses\u00bb.<\/p>\n<p>Adem\u00e1s del bajo costo que tiene la vacunaci\u00f3n, los t\u00e9cnicos aseguran que est\u00e1 comprobado que la dosis se puede dar junto a la de Aftosa, hecho que minimiza a\u00fan m\u00e1s los gastos y simplifica el trabajo del productor. \u00abRecomendamos vacunar ahora, en primavera, dado que el medicamento cubre al animal durante un a\u00f1o\u00bb, concluy\u00f3 el subsecretario de Asuntos Agrarios.<\/p>\n<p>Para saber cu\u00e1les son los signos de la enfermedad, c\u00f3mo se transmite entre bovinos y a humanos, c\u00f3mo prevenirla o controlarla, y que hacer frente a la muerte de un animal lee ma\u00f1ana: \u00abTodo lo que hay que saber sobre el carbunclo y qu\u00e9 hacer si aparece\u00bb.<\/p>\n","protected":false},"excerpt":{"rendered":"<p>Las inundaciones provocaron que la bacteria circulara entre los campos con mayor facilidad, favoreciendo el contagio de la enfermedad. Enterese porqu\u00e9 es tan importante prevenirla.<\/p>\n","protected":false},"author":5,"featured_media":0,"comment_status":"open","ping_status":"open","sticky":false,"template":"","format":"standard","meta":[],"categories":[50],"tags":[135,95,1412],"_links":{"self":[{"href":"http:\/\/rurallascolonias.com.ar\/index.php?rest_route=\/wp\/v2\/posts\/4902"}],"collection":[{"href":"http:\/\/rurallascolonias.com.ar\/index.php?rest_route=\/wp\/v2\/posts"}],"about":[{"href":"http:\/\/rurallascolonias.com.ar\/index.php?rest_route=\/wp\/v2\/types\/post"}],"author":[{"embeddable":true,"href":"http:\/\/rurallascolonias.com.ar\/index.php?rest_route=\/wp\/v2\/users\/5"}],"replies":[{"embeddable":true,"href":"http:\/\/rurallascolonias.com.ar\/index.php?rest_route=%2Fwp%2Fv2%2Fcomments&post=4902"}],"version-history":[{"count":1,"href":"http:\/\/rurallascolonias.com.ar\/index.php?rest_route=\/wp\/v2\/posts\/4902\/revisions"}],"predecessor-version":[{"id":4903,"href":"http:\/\/rurallascolonias.com.ar\/index.php?rest_route=\/wp\/v2\/posts\/4902\/revisions\/4903"}],"wp:attachment":[{"href":"http:\/\/rurallascolonias.com.ar\/index.php?rest_route=%2Fwp%2Fv2%2Fmedia&parent=4902"}],"wp:term":[{"taxonomy":"category","embeddable":true,"href":"http:\/\/rurallascolonias.com.ar\/index.php?rest_route=%2Fwp%2Fv2%2Fcategories&post=4902"},{"taxonomy":"post_tag","embeddable":true,"href":"http:\/\/rurallascolonias.com.ar\/index.php?rest_route=%2Fwp%2Fv2%2Ftags&post=4902"}],"curies":[{"name":"wp","href":"https:\/\/api.w.org\/{rel}","templated":true}]}}