{"id":4883,"date":"2014-11-19T17:06:16","date_gmt":"2014-11-19T17:06:16","guid":{"rendered":"http:\/\/rurallascolonias.com.ar\/?p=4883"},"modified":"2014-11-19T17:06:16","modified_gmt":"2014-11-19T17:06:16","slug":"coninagro-transmitira-su-experiencia-cooperativista-en-chile","status":"publish","type":"post","link":"http:\/\/rurallascolonias.com.ar\/?p=4883","title":{"rendered":"Coninagro transmitir\u00e1 su experiencia cooperativista en Chile"},"content":{"rendered":"<p><a href=\"http:\/\/rurallascolonias.com.ar\/wp-content\/uploads\/2014\/11\/Coninagro.png\"><img loading=\"lazy\" class=\"aligncenter size-full wp-image-4884\" src=\"http:\/\/rurallascolonias.com.ar\/wp-content\/uploads\/2014\/11\/Coninagro.png\" alt=\"Coninagro\" width=\"200\" height=\"160\" \/><\/a>El presidente de la entidad, Carlos Garetto, participar\u00e1 hasta ma\u00f1ana jueves 20 del Seminario Internacional de Cooperativas Agroalimentarias, que se lleva a cabo en el pa\u00eds vecino.<!--more--><\/p>\n<p>Este seminario busca analizar el rol que las cooperativas agroalimentarias han cumplido en distintos pa\u00edses como modelos exitosos de econom\u00eda solidaria, en el crecimiento social y equitativo de los territorios en las cuales se desarrollan, seg\u00fan public\u00f3 Noticias Argentinas.<\/p>\n<p>En ese marco, Garetto present\u00f3 un panorama de qu\u00e9 es y qu\u00e9 representa Coninagro en la econom\u00eda del pa\u00eds, junto a sus federaciones que vuelcan al mercado gran n\u00famero de marcas y productos de reconocida trayectoria en carnes, granos, insumos agropecuarios, yerba mate, c\u00edtricos, l\u00e1cteos y arroz, entre otros.<\/p>\n<p>Los cooperativistas de Chile aspiran, con toda la experiencia que reunieron en el encuentro, conformar una Confederaci\u00f3n de Cooperativas Agroalimentarias chilena y por este motivo fue convocado Coninagro, \u00abpara transmitir toda la historia, y plantear un presente con mucho potencial\u00bb, indic\u00f3 un comunicado.<\/p>\n<p>Tambi\u00e9n participa del Seminario el presidente de Fecovita, la Federaci\u00f3n de Cooperativas Vitivin\u00edcolas Argentinas, Eduardo Sancho.<\/p>\n<p>\u00abEs para nosotros un honor que se piense en CONINAGRO a la hora de analizar modelos exitosos de cooperativismo en Am\u00e9rica. Nuestra entidad, con 58 a\u00f1os de historia, ha sabido sortear los avatares que ha planteado nuestro pa\u00eds, consolid\u00e1ndose a trav\u00e9s de los valores que trasmitimos, y ofreciendo a la econom\u00eda toda una cadena de valor que va desde el campo hasta la g\u00f3ndola\u00bb, se\u00f1alaba Garetto en Santiago de Chile.<\/p>\n","protected":false},"excerpt":{"rendered":"<p>El presidente de la entidad, Carlos Garetto, participar\u00e1 hasta ma\u00f1ana jueves 20 del Seminario Internacional de Cooperativas Agroalimentarias, que se lleva a cabo en el pa\u00eds vecino.<\/p>\n","protected":false},"author":5,"featured_media":0,"comment_status":"open","ping_status":"open","sticky":false,"template":"","format":"standard","meta":[],"categories":[1],"tags":[907,953,216],"_links":{"self":[{"href":"http:\/\/rurallascolonias.com.ar\/index.php?rest_route=\/wp\/v2\/posts\/4883"}],"collection":[{"href":"http:\/\/rurallascolonias.com.ar\/index.php?rest_route=\/wp\/v2\/posts"}],"about":[{"href":"http:\/\/rurallascolonias.com.ar\/index.php?rest_route=\/wp\/v2\/types\/post"}],"author":[{"embeddable":true,"href":"http:\/\/rurallascolonias.com.ar\/index.php?rest_route=\/wp\/v2\/users\/5"}],"replies":[{"embeddable":true,"href":"http:\/\/rurallascolonias.com.ar\/index.php?rest_route=%2Fwp%2Fv2%2Fcomments&post=4883"}],"version-history":[{"count":1,"href":"http:\/\/rurallascolonias.com.ar\/index.php?rest_route=\/wp\/v2\/posts\/4883\/revisions"}],"predecessor-version":[{"id":4885,"href":"http:\/\/rurallascolonias.com.ar\/index.php?rest_route=\/wp\/v2\/posts\/4883\/revisions\/4885"}],"wp:attachment":[{"href":"http:\/\/rurallascolonias.com.ar\/index.php?rest_route=%2Fwp%2Fv2%2Fmedia&parent=4883"}],"wp:term":[{"taxonomy":"category","embeddable":true,"href":"http:\/\/rurallascolonias.com.ar\/index.php?rest_route=%2Fwp%2Fv2%2Fcategories&post=4883"},{"taxonomy":"post_tag","embeddable":true,"href":"http:\/\/rurallascolonias.com.ar\/index.php?rest_route=%2Fwp%2Fv2%2Ftags&post=4883"}],"curies":[{"name":"wp","href":"https:\/\/api.w.org\/{rel}","templated":true}]}}