{"id":4858,"date":"2014-11-18T15:48:37","date_gmt":"2014-11-18T15:48:37","guid":{"rendered":"http:\/\/rurallascolonias.com.ar\/?p=4858"},"modified":"2014-11-18T15:48:37","modified_gmt":"2014-11-18T15:48:37","slug":"se-reunio-en-la-sociedad-rural-de-reconquista-la-mesa-de-enlace-nacional","status":"publish","type":"post","link":"http:\/\/rurallascolonias.com.ar\/?p=4858","title":{"rendered":"Se reuni\u00f3 en la Sociedad Rural de Reconquista la Mesa de Enlace Nacional"},"content":{"rendered":"<div class=\"description\"><a href=\"http:\/\/rurallascolonias.com.ar\/wp-content\/uploads\/2014\/11\/mesa-de-enlace-nacional.png\"><img loading=\"lazy\" class=\"aligncenter size-full wp-image-4859\" src=\"http:\/\/rurallascolonias.com.ar\/wp-content\/uploads\/2014\/11\/mesa-de-enlace-nacional.png\" alt=\"mesa de enlace nacional\" width=\"259\" height=\"194\" \/><\/a>El encuentro tuvo lugar este lunes 17 y los m\u00e1ximos referentes de la Mesa de Enlace Nacional (CRA, SRA, CONINAGRO, y FAA), pudieron llevarse los planteos de un nutrido grupo de productores, comerciantes y publico en general que se lleg\u00f3 hasta el predio ruralista.<\/div>\n<p><!--more--><\/p>\n<div class=\"authorinfo\"><\/div>\n<div class=\"vsmcontent\">\n<p align=\"justify\">El encuentro tuvo lugar este lunes 17 y los m\u00e1ximos referentes de la Mesa de Enlace Nacional (<strong>CRA<\/strong>, SRA, CONINAGRO, y FAA), pudieron llevarse los planteos de un nutrido grupo de productores, comerciantes y publico en general que se lleg\u00f3 hasta el predio ruralista.<\/p>\n<p align=\"justify\">\n<p align=\"justify\">La Mesa Multisectorial viene reuni\u00e9ndose desde el mes de mayo pr\u00f3ximo pasado, analizando las diferentes problem\u00e1ticas, aunando criterios y elaborando propuestas que son presentadas antes los diferentes organismos y funcionarios a los cuales convocamos o nos convocan para plantear las diferentes inquietudes y propuestas.<\/p>\n<p align=\"justify\">Los temas que nos preocupan entre otros Situaci\u00f3n del Sector Agropecuario en General y su incidencia directa e indirecta sobre la econom\u00eda de la sociedad toda.<\/p>\n<p align=\"justify\">Aportes sobre el Foro de Convergencia Nacional que se presentar\u00e1 el pr\u00f3ximo 27 de Noviembre en Buenos Aires; Avance de los gobiernos nacionales y provincial sobre la propiedad privada, Ley de abastecimiento, Presi\u00f3n tributaria nacional, provincial y municipal, Tasa rural por hect\u00e1rea, Emergencia y desastres climatol\u00f3gicos, entre otros temas.<\/p>\n<p align=\"justify\">Las instituciones convocantes fueron Sociedad Rural de Reconquista, Sociedad Rural de Vera, C\u00e1mara de Comercio Exterior Del Norte Santafesino, Centros Industriales de Avellaneda, Malabrigo, Reconquista, Vera, Centro de Empresarios de Romang, Cooperativa de Transportistas de Avellaneda, Coop. de Malabrigo Ltda. Uni\u00f3n Agr\u00edcola de Avellaneda Ltda., Uni\u00f3n Agr\u00edcola de Romang Ltda. Ente Parque Industrial, CORENOSA.<\/p>\n<p align=\"justify\">Fuente: <a title=\"Radio Amanecer\" href=\"http:\/\/www.radioamanecer.com.ar\/\"><span style=\"color: #0066cc;\">Radio Amanecer<\/span><\/a><\/p>\n<\/div>\n","protected":false},"excerpt":{"rendered":"<p>El encuentro tuvo lugar este lunes 17 y los m\u00e1ximos referentes de la Mesa de Enlace Nacional (CRA, SRA, CONINAGRO, y FAA), pudieron llevarse los planteos de un nutrido grupo de productores, comerciantes y publico en general que se lleg\u00f3 hasta el predio ruralista.<\/p>\n","protected":false},"author":5,"featured_media":0,"comment_status":"open","ping_status":"open","sticky":false,"template":"","format":"standard","meta":[],"categories":[42],"tags":[1615,1602],"_links":{"self":[{"href":"http:\/\/rurallascolonias.com.ar\/index.php?rest_route=\/wp\/v2\/posts\/4858"}],"collection":[{"href":"http:\/\/rurallascolonias.com.ar\/index.php?rest_route=\/wp\/v2\/posts"}],"about":[{"href":"http:\/\/rurallascolonias.com.ar\/index.php?rest_route=\/wp\/v2\/types\/post"}],"author":[{"embeddable":true,"href":"http:\/\/rurallascolonias.com.ar\/index.php?rest_route=\/wp\/v2\/users\/5"}],"replies":[{"embeddable":true,"href":"http:\/\/rurallascolonias.com.ar\/index.php?rest_route=%2Fwp%2Fv2%2Fcomments&post=4858"}],"version-history":[{"count":1,"href":"http:\/\/rurallascolonias.com.ar\/index.php?rest_route=\/wp\/v2\/posts\/4858\/revisions"}],"predecessor-version":[{"id":4860,"href":"http:\/\/rurallascolonias.com.ar\/index.php?rest_route=\/wp\/v2\/posts\/4858\/revisions\/4860"}],"wp:attachment":[{"href":"http:\/\/rurallascolonias.com.ar\/index.php?rest_route=%2Fwp%2Fv2%2Fmedia&parent=4858"}],"wp:term":[{"taxonomy":"category","embeddable":true,"href":"http:\/\/rurallascolonias.com.ar\/index.php?rest_route=%2Fwp%2Fv2%2Fcategories&post=4858"},{"taxonomy":"post_tag","embeddable":true,"href":"http:\/\/rurallascolonias.com.ar\/index.php?rest_route=%2Fwp%2Fv2%2Ftags&post=4858"}],"curies":[{"name":"wp","href":"https:\/\/api.w.org\/{rel}","templated":true}]}}