{"id":4849,"date":"2014-11-17T17:35:34","date_gmt":"2014-11-17T17:35:34","guid":{"rendered":"http:\/\/rurallascolonias.com.ar\/?p=4849"},"modified":"2014-11-17T17:35:34","modified_gmt":"2014-11-17T17:35:34","slug":"cayeron-las-ventas-de-maquinaria-agricola-importada-en-el-tercer-trimestre-del-ano","status":"publish","type":"post","link":"http:\/\/rurallascolonias.com.ar\/?p=4849","title":{"rendered":"Cayeron las ventas de maquinaria agr\u00edcola importada en el tercer trimestre del a\u00f1o"},"content":{"rendered":"<h2><a href=\"http:\/\/rurallascolonias.com.ar\/wp-content\/uploads\/2014\/11\/maquinaria-agr\u00edcola.png\"><img loading=\"lazy\" class=\"aligncenter size-full wp-image-4850\" src=\"http:\/\/rurallascolonias.com.ar\/wp-content\/uploads\/2014\/11\/maquinaria-agr\u00edcola.png\" alt=\"maquinaria agr\u00edcola\" width=\"259\" height=\"194\" \/><\/a>De acuerdo a los datos difundidos por el INDEC se vendieron 3.838 unidades, que representan una ca\u00edda de 16,2% provocada por una reducci\u00f3n del 65% en la venta de unidades importadas.<\/h2>\n<p><!--more--><\/p>\n<p>De acuerdo a los datos difundidos por el Instituto de Estad\u00edsticas y Censos (INDEC), en el tercer trimestre se registr\u00f3 una ca\u00edda de las ventas de equipos, pero con mayor participaci\u00f3n de m\u00e1quinas fabricadas en el pa\u00eds. La comercializaci\u00f3n en el tercer trimestre de 2014 alcanz\u00f3 una facturaci\u00f3n de\u00a0$ 2.271,9 millones, lo que significa una ca\u00edda del 3,9% respecto a igual trimestre de 2013, mientras que en relaci\u00f3n al segundo trimestre de 2014, la baja es del 13,3%.<\/p>\n<p>\u201cEl descenso respecto a igual trimestre del a\u00f1o anterior fue impulsado fundamentalmente por una ca\u00edda en la facturaci\u00f3n de los equipos de origen importado de 54,9% parcialmente compensada por un incremento en la facturaci\u00f3n de la maquinaria de origen nacional del 37,2%. En relaci\u00f3n al segundo trimestre, la facturaci\u00f3n de maquinaria de origen importado registra un descenso del 35,3%, y la maquinaria de origen nacional presenta una ca\u00edda del 4,7%\u201d, seg\u00fan se desprende del informe.<\/p>\n<p>En total se vendieron 3.838 unidades, lo que representa una ca\u00edda de 16,2% provocada fundamentalmente por una reducci\u00f3n del 65% en la venta de unidades importadas. En relaci\u00f3n al segundo trimestre de 2014, la cantidad total de unidades vendidas descendi\u00f3 un 11%.<\/p>\n<p><strong>Fuente: Nuestro Agro<\/strong><\/p>\n","protected":false},"excerpt":{"rendered":"<p>De acuerdo a los datos difundidos por el INDEC se vendieron 3.838 unidades, que representan una ca\u00edda de 16,2% provocada por una reducci\u00f3n del 65% en la venta de unidades importadas.<\/p>\n","protected":false},"author":5,"featured_media":0,"comment_status":"open","ping_status":"open","sticky":false,"template":"","format":"standard","meta":[],"categories":[42],"tags":[10,910],"_links":{"self":[{"href":"http:\/\/rurallascolonias.com.ar\/index.php?rest_route=\/wp\/v2\/posts\/4849"}],"collection":[{"href":"http:\/\/rurallascolonias.com.ar\/index.php?rest_route=\/wp\/v2\/posts"}],"about":[{"href":"http:\/\/rurallascolonias.com.ar\/index.php?rest_route=\/wp\/v2\/types\/post"}],"author":[{"embeddable":true,"href":"http:\/\/rurallascolonias.com.ar\/index.php?rest_route=\/wp\/v2\/users\/5"}],"replies":[{"embeddable":true,"href":"http:\/\/rurallascolonias.com.ar\/index.php?rest_route=%2Fwp%2Fv2%2Fcomments&post=4849"}],"version-history":[{"count":1,"href":"http:\/\/rurallascolonias.com.ar\/index.php?rest_route=\/wp\/v2\/posts\/4849\/revisions"}],"predecessor-version":[{"id":4851,"href":"http:\/\/rurallascolonias.com.ar\/index.php?rest_route=\/wp\/v2\/posts\/4849\/revisions\/4851"}],"wp:attachment":[{"href":"http:\/\/rurallascolonias.com.ar\/index.php?rest_route=%2Fwp%2Fv2%2Fmedia&parent=4849"}],"wp:term":[{"taxonomy":"category","embeddable":true,"href":"http:\/\/rurallascolonias.com.ar\/index.php?rest_route=%2Fwp%2Fv2%2Fcategories&post=4849"},{"taxonomy":"post_tag","embeddable":true,"href":"http:\/\/rurallascolonias.com.ar\/index.php?rest_route=%2Fwp%2Fv2%2Ftags&post=4849"}],"curies":[{"name":"wp","href":"https:\/\/api.w.org\/{rel}","templated":true}]}}