{"id":4803,"date":"2014-11-12T17:26:35","date_gmt":"2014-11-12T17:26:35","guid":{"rendered":"http:\/\/rurallascolonias.com.ar\/?p=4803"},"modified":"2014-11-12T17:27:30","modified_gmt":"2014-11-12T17:27:30","slug":"santa-fe-se-opone-a-ley-de-envasado-en-origen","status":"publish","type":"post","link":"http:\/\/rurallascolonias.com.ar\/?p=4803","title":{"rendered":"Santa Fe se opone a ley de envasado en origen"},"content":{"rendered":"<p><strong><em><a href=\"http:\/\/rurallascolonias.com.ar\/wp-content\/uploads\/2014\/11\/ley-de-emabasado.png\"><img loading=\"lazy\" class=\"aligncenter size-full wp-image-4805\" src=\"http:\/\/rurallascolonias.com.ar\/wp-content\/uploads\/2014\/11\/ley-de-emabasado.png\" alt=\"ley de emabasado\" width=\"306\" height=\"165\" srcset=\"http:\/\/rurallascolonias.com.ar\/wp-content\/uploads\/2014\/11\/ley-de-emabasado.png 306w, http:\/\/rurallascolonias.com.ar\/wp-content\/uploads\/2014\/11\/ley-de-emabasado-300x161.png 300w\" sizes=\"(max-width: 306px) 100vw, 306px\" \/><\/a>NO NEGOCIA<\/em><\/strong><\/p>\n<p>La provincia expuso ante los diputados nacionales santafesinos su oposici\u00f3n al Proyecto de Ley de envasado en origen de yerba mata, que est\u00e1 pr\u00f3ximo a tratarse en el Congreso Nacional.<\/p>\n<p>Mediante una nota firmada por el ministro de la Producci\u00f3n, Carlos Fascendini, el Gobierno de la Provincia de Santa Fe expuso ante los diputados nacionales santafesinos su oposici\u00f3n al Proyecto de Ley de envasado en origen de yerba mata o Ilex paraguariensis, que est\u00e1 pr\u00f3ximo a tratarse en el Congreso Nacional.<!--more--><\/p>\n<p>En el escrito Fascendini se\u00f1ala: \u00abLa Provincia de Santa Fe cuenta con establecimientos productivos dedicados a la fabricaci\u00f3n de alimentos que utilizan como insumo b\u00e1sico la yerba mate sumada a otras hierbas regionales. Dichos establecimientos emplean a personas en forma directa, siendo empresas familiares y en algunos casos con muchos a\u00f1os de trayectoria\u00bb.<\/p>\n<p>En este marco, el funcionario provincial indica en la nota: \u00abEs de destacar que los mismos se encuentran localizados en diferentes puntos de la provincia y que en algunos casos la actividad tiene considerable importancia en las econom\u00edas regionales. El cierre de estas empresas implicar\u00eda un impacto negativo de magnitud y dif\u00edcil de revertir\u00bb.<\/p>\n<p>Asimismo destaca que este Proyecto de Ley atenta contra las econom\u00edas regionales, no s\u00f3lo santafesinas sino tambi\u00e9n de todas las provincias que cuentan con establecimientos industriales que utilizan como insumo b\u00e1sico la yerba mate, y perjudicar\u00e1 a los productores del sector.<\/p>\n<p>Finalmente, el ministro de la Producci\u00f3n considera que es importante el incentivo a la industria local a trav\u00e9s del fomento y promoci\u00f3n industrial, aunque subraya que \u00abno deber\u00eda realizarse excluyendo de la actividad a otras provincias\u00bb; resaltando tambi\u00e9n que \u00absi cada uno de los gobiernos provinciales presenta proyectos al Poder Legislativo Nacional buscando ser actor exclusivo de la industrializaci\u00f3n de su producci\u00f3n primaria, se estar\u00eda atentando contra toda la matriz productiva nacional\u00bb.<br \/>\npunto biz<\/p>\n<p>&nbsp;<\/p>\n","protected":false},"excerpt":{"rendered":"<p>NO NEGOCIA La provincia expuso ante los diputados nacionales santafesinos su oposici\u00f3n al Proyecto de Ley de envasado en origen de yerba mata, que est\u00e1 pr\u00f3ximo a tratarse en el Congreso Nacional. Mediante una nota firmada por el ministro de la Producci\u00f3n, Carlos Fascendini, el Gobierno de la Provincia de Santa Fe expuso ante los [&hellip;]<\/p>\n","protected":false},"author":5,"featured_media":0,"comment_status":"open","ping_status":"open","sticky":false,"template":"","format":"standard","meta":[],"categories":[130,593],"tags":[1601,119],"_links":{"self":[{"href":"http:\/\/rurallascolonias.com.ar\/index.php?rest_route=\/wp\/v2\/posts\/4803"}],"collection":[{"href":"http:\/\/rurallascolonias.com.ar\/index.php?rest_route=\/wp\/v2\/posts"}],"about":[{"href":"http:\/\/rurallascolonias.com.ar\/index.php?rest_route=\/wp\/v2\/types\/post"}],"author":[{"embeddable":true,"href":"http:\/\/rurallascolonias.com.ar\/index.php?rest_route=\/wp\/v2\/users\/5"}],"replies":[{"embeddable":true,"href":"http:\/\/rurallascolonias.com.ar\/index.php?rest_route=%2Fwp%2Fv2%2Fcomments&post=4803"}],"version-history":[{"count":2,"href":"http:\/\/rurallascolonias.com.ar\/index.php?rest_route=\/wp\/v2\/posts\/4803\/revisions"}],"predecessor-version":[{"id":4807,"href":"http:\/\/rurallascolonias.com.ar\/index.php?rest_route=\/wp\/v2\/posts\/4803\/revisions\/4807"}],"wp:attachment":[{"href":"http:\/\/rurallascolonias.com.ar\/index.php?rest_route=%2Fwp%2Fv2%2Fmedia&parent=4803"}],"wp:term":[{"taxonomy":"category","embeddable":true,"href":"http:\/\/rurallascolonias.com.ar\/index.php?rest_route=%2Fwp%2Fv2%2Fcategories&post=4803"},{"taxonomy":"post_tag","embeddable":true,"href":"http:\/\/rurallascolonias.com.ar\/index.php?rest_route=%2Fwp%2Fv2%2Ftags&post=4803"}],"curies":[{"name":"wp","href":"https:\/\/api.w.org\/{rel}","templated":true}]}}