{"id":4796,"date":"2014-11-12T17:14:50","date_gmt":"2014-11-12T17:14:50","guid":{"rendered":"http:\/\/rurallascolonias.com.ar\/?p=4796"},"modified":"2014-11-12T17:14:50","modified_gmt":"2014-11-12T17:14:50","slug":"se-intensifican-las-lluvias-y-paralizan-el-arranque-de-la-siembra-de-soja","status":"publish","type":"post","link":"http:\/\/rurallascolonias.com.ar\/?p=4796","title":{"rendered":"Se intensifican las lluvias y paralizan el arranque de la siembra de soja"},"content":{"rendered":"<p><a href=\"http:\/\/rurallascolonias.com.ar\/wp-content\/uploads\/2014\/11\/siembra-de-soja-3.png\"><img loading=\"lazy\" class=\"aligncenter size-full wp-image-4797\" src=\"http:\/\/rurallascolonias.com.ar\/wp-content\/uploads\/2014\/11\/siembra-de-soja-3.png\" alt=\"siembra de soja 3\" width=\"299\" height=\"169\" \/><\/a>Se mantiene el clima adverso en buena parte del centro agr\u00edcola del pa\u00eds y la siembra a\u00fan no alcanza a cubrir el 10% del \u00e1rea proyectada, con un retraso de 3,5% contra el a\u00f1o pasado<!--more--><\/p>\n<p>Las fuertes lluvias que cayeron la semana pasada en la principal regi\u00f3n agr\u00edcola argentina provocaron demoras en la incipiente siembra de la soja del ciclo 2014\/15, seg\u00fan afirm\u00f3 el Ministerio de Agricultura. Mientras las condiciones no mejoran, se agrava la situaci\u00f3n de los productores.<\/p>\n<p>El Servicio Meteorol\u00f3gico Nacional indic\u00f3 ayer que en las \u00faltimas horas llovi\u00f3 de forma moderada en la principal zona agr\u00edcola del centro del pa\u00eds.<\/p>\n<p>El fen\u00f3meno se vivi\u00f3 en todo Buenos Aires \u2013excepto el extremo sudoeste\u2013, el centro, norte, noreste y este de La Pampa, todo C\u00f3rdoba, casi todo Santa Fe \u2013salvo el norte del distrito\u2013 y en casi todo Entre R\u00edos, menos en el noreste. A su vez, cayeron lluvias m\u00e1s intensas, de hasta 75 mil\u00edmetros en el norte de Santa Fe, norte, noreste y este de Santiago del Estero, el sudeste de Salta y en todo Chaco, seg\u00fan inform\u00f3 la agencia Reuters.<\/p>\n<p>Las importantes precipitaciones registradas la semana pasada hab\u00edan causado excesos de agua y anegamientos en zonas dedicadas al ma\u00edz y el trigo de la campa\u00f1a 2014\/15, lo que podr\u00eda provocar dificultades por la proliferaci\u00f3n de enfermedades y retrasos en su implantaci\u00f3n y cosecha, respectivamente, dijo el Ministerio de Agricultura.<\/p>\n<p>La Argentina es el principal exportador mundial de aceite y harina de soja, y el Gobierno estim\u00f3 que la superficie que ser\u00e1 utilizada con soja en la campa\u00f1a ser\u00e1 r\u00e9cord, con 20,3 millones de hect\u00e1reas.<\/p>\n<p>\u00abEn el norte de Buenos Aires, sur de Santa Fe y Entre R\u00edos se dio el m\u00e1ximo de precipitaciones, con un total semanal de entre 100 y 250 mil\u00edmetros\u00bb, dijo el Ministerio en su informe semanal de cultivos.<\/p>\n<p>\u00abEsto demorar\u00eda la implantaci\u00f3n de los primeros lotes de soja hasta que drene o se evapore la importante cantidad de agua ca\u00edda\u00bb, agreg\u00f3 el trabajo.<\/p>\n<p>Por otro lado, \u00abtanto los cultivos de verano (entre ellos el ma\u00edz 2014\/15) como los de invierno (trigo 2014\/15) presentan importantes excesos y anegamientos\u00bb, de acuerdo con el reporte.<\/p>\n<p>El Gobierno a\u00fan no public\u00f3\u00a0cifras del avance de la siembra de la soja. En tanto, los productores hab\u00edan sembrado el 35% de los 5,5 millones de hect\u00e1reas previstos para el ma\u00edz 2014\/15 hasta el jueves.<\/p>\n<p>Con respecto a la semana anterior, la implantaci\u00f3n del ma\u00edz avanz\u00f3 solo un punto porcentual y se encuentra dos puntos por detr\u00e1s del ritmo de la semana pasada.<\/p>\n<p>A su vez, los productores ya comenzaron la recolecci\u00f3n de los primeros lotes del trigo de la campa\u00f1a 2014\/15, cuya superficie el Gobierno calcul\u00f3 en 4,6 millones de hect\u00e1reas.<\/p>\n<p>Las lluvias de menor volumen que cayeron en la provincia de C\u00f3rdoba, el centro y norte de Santa Fe, La Pampa y en las provincias del norte del pa\u00eds fueron favorables para los cultivos, ya que en estas regiones los niveles de humedad del suelo eran bajos, seg\u00fan el Ministerio.<\/p>\n<p>La Bolsa de Cereales de Buenos Aires estim\u00f3 el \u00e1rea que ser\u00e1 sembrada con soja 2014\/15 en 20,6 millones de hect\u00e1reas, y la superficie del ma\u00edz de uso comercial, en 3 millones de hect\u00e1reas.<\/p>\n<p>&nbsp;<\/p>\n<div class=\"copyright\">\n<div class=\"author\">El Cronista Comercial<\/div>\n<\/div>\n","protected":false},"excerpt":{"rendered":"<p>Se mantiene el clima adverso en buena parte del centro agr\u00edcola del pa\u00eds y la siembra a\u00fan no alcanza a cubrir el 10% del \u00e1rea proyectada, con un retraso de 3,5% contra el a\u00f1o pasado<\/p>\n","protected":false},"author":5,"featured_media":0,"comment_status":"open","ping_status":"open","sticky":false,"template":"","format":"standard","meta":[],"categories":[18],"tags":[19,55],"_links":{"self":[{"href":"http:\/\/rurallascolonias.com.ar\/index.php?rest_route=\/wp\/v2\/posts\/4796"}],"collection":[{"href":"http:\/\/rurallascolonias.com.ar\/index.php?rest_route=\/wp\/v2\/posts"}],"about":[{"href":"http:\/\/rurallascolonias.com.ar\/index.php?rest_route=\/wp\/v2\/types\/post"}],"author":[{"embeddable":true,"href":"http:\/\/rurallascolonias.com.ar\/index.php?rest_route=\/wp\/v2\/users\/5"}],"replies":[{"embeddable":true,"href":"http:\/\/rurallascolonias.com.ar\/index.php?rest_route=%2Fwp%2Fv2%2Fcomments&post=4796"}],"version-history":[{"count":1,"href":"http:\/\/rurallascolonias.com.ar\/index.php?rest_route=\/wp\/v2\/posts\/4796\/revisions"}],"predecessor-version":[{"id":4798,"href":"http:\/\/rurallascolonias.com.ar\/index.php?rest_route=\/wp\/v2\/posts\/4796\/revisions\/4798"}],"wp:attachment":[{"href":"http:\/\/rurallascolonias.com.ar\/index.php?rest_route=%2Fwp%2Fv2%2Fmedia&parent=4796"}],"wp:term":[{"taxonomy":"category","embeddable":true,"href":"http:\/\/rurallascolonias.com.ar\/index.php?rest_route=%2Fwp%2Fv2%2Fcategories&post=4796"},{"taxonomy":"post_tag","embeddable":true,"href":"http:\/\/rurallascolonias.com.ar\/index.php?rest_route=%2Fwp%2Fv2%2Ftags&post=4796"}],"curies":[{"name":"wp","href":"https:\/\/api.w.org\/{rel}","templated":true}]}}