{"id":4768,"date":"2014-11-10T15:36:40","date_gmt":"2014-11-10T15:36:40","guid":{"rendered":"http:\/\/rurallascolonias.com.ar\/?p=4768"},"modified":"2014-11-10T15:36:40","modified_gmt":"2014-11-10T15:36:40","slug":"la-provincia-santa-fe-prometio-creditos-al-sector-de-maquinaria-agricola","status":"publish","type":"post","link":"http:\/\/rurallascolonias.com.ar\/?p=4768","title":{"rendered":"La provincia Santa Fe prometi\u00f3 cr\u00e9ditos al sector de maquinaria agr\u00edcola"},"content":{"rendered":"<h2><a href=\"http:\/\/rurallascolonias.com.ar\/wp-content\/uploads\/2014\/04\/maquinaria-agr\u00edcola.jpeg\"><img loading=\"lazy\" class=\"aligncenter size-full wp-image-2223\" src=\"http:\/\/rurallascolonias.com.ar\/wp-content\/uploads\/2014\/04\/maquinaria-agr\u00edcola.jpeg\" alt=\"maquinaria agr\u00edcola\" width=\"266\" height=\"189\" \/><\/a>Buscan financiar la compra de capital fijo y de trabajo para las pymes del sector, con pr\u00e9stamos de hasta un mill\u00f3n de pesos a 36 meses de plazo y un subsidio del 9% en la tasa, a fin de que sea accesible.<\/h2>\n<p><!--more--><\/p>\n<p><strong>\u00a0<\/strong><\/p>\n<p>El Ministro de la Producci\u00f3n de Santa Fe, Carlos Fascendini, y el titular de la Secretar\u00eda del Sistema Metalmec\u00e1nica, Jos\u00e9 Le\u00f3n Garibay, se reunieron este viernes en Rosario con representantes de la Cadena de Valor de la maquinaria agr\u00edcola santafesina y representantes de ASIMA. Durante el encuentro, se analiz\u00f3 la situaci\u00f3n del sector y se repasaron las acciones realizadas por el gobierno provincial en pos de la recuperaci\u00f3n industrial.<\/p>\n<p>Fascendini dio m\u00e1s detalles sobre una nueva l\u00ednea de pr\u00e9stamos para fabricantes de maquinaria agr\u00edcola y agropartistas, que se iniciar\u00e1 con una primera etapa de 50 millones de pesos. La misma fue anunciada el mes pasado por el gobernador Bonfatti durante la cena por el D\u00eda de la Industria.<\/p>\n<p>Respecto a este tema, se supo hoy que se est\u00e1 por lanzar la licitaci\u00f3n a entidades financieras. \u201cServir\u00e1 para financiar la compra de capital fijo y de capital de trabajo de las empresas, con pr\u00e9stamos de hasta un mill\u00f3n de pesos por empresa\u201d, indic\u00f3 el ministro. La l\u00ednea de cr\u00e9ditos prev\u00e9 pagos en 36 meses, con plazo de gracia y un subsidio de tasa del 9% que absorber\u00e1 el gobierno provincial, para que se convierta en un pr\u00e9stamo accesible para fabricantes de maquinaria agr\u00edcolas y agropartistas categorizados como pymes y que est\u00e9n radicados en la provincia de Santa Fe.<\/p>\n<p>Cabe recordar que la maquinaria agr\u00edcola fabricada en la provincia de Santa Fe es l\u00edder a nivel nacional, ocupando m\u00e1s de un tercio del total de empleados y m\u00e1quinas producidas en todo el pa\u00eds. Para el gobierno provincial, en este sentido, es una prioridad fortalecimiento \u00a0de la cadena de valor.<\/p>\n<p>\u201cPor eso en 2014 volvimos a promover la participaci\u00f3n en ferias y misiones comerciales, de Argentina y otros pa\u00edses. Y lo seguiremos haciendo el pr\u00f3ximo a\u00f1o. Adem\u00e1s, lanzamos un programa de mejoramiento de la gesti\u00f3n de las Pymes de santa fe; brindamos servicios de asistencia t\u00e9cnica a las empresas, con ensayos y de dise\u00f1o de materiales. Y permanentemente apoyamos las actividades impulsadas por el Cl\u00faster del sector!\u201d, mencion\u00f3 el Secretario del Sistema Metalmec\u00e1nico.<\/p>\n<p>En la reuni\u00f3n, se fij\u00f3 el cronograma de ferias que contar\u00e1n con apoyo oficial a los participantes. Adem\u00e1s de Fascendini y Garibay, participaron del encuentro el coordinador de la Cadena de Valor de la maquinaria agr\u00edcola, Gabriel Frontons,\u00a0 y la contadora M\u00f3nica Liendo, vinculada al \u00e1rea de financiamiento.<\/p>\n<p>Otro de los temas analizados fue el contexto nacional de ca\u00edda de la actividad econ\u00f3mica. \u201cLa producci\u00f3n y comercializaci\u00f3n de equipos se encuentra concentrada en pocos meses, durante la campa\u00f1a gruesa. Esto dificulta la situaci\u00f3n durante el resto del a\u00f1o\u201d\u00b7, informaron los fabricantes.<\/p>\n<p>Finalmente, se exhibieron otras preocupaciones ante temas de \u00edndole nacional, como los atrasos en el r\u00e9gimen de bienes de capital y la demora en implementar l\u00edneas de cr\u00e9dito del BNA. Por el sector privado estuvieron presentes, entre \u00a0otros, representantes de las empresas Dascanio, Giorgi, De Grande y Fagtor.<\/p>\n<p><strong>Fuente: Nuestro Agro<\/strong><\/p>\n","protected":false},"excerpt":{"rendered":"<p>Buscan financiar la compra de capital fijo y de trabajo para las pymes del sector, con pr\u00e9stamos de hasta un mill\u00f3n de pesos a 36 meses de plazo y un subsidio del 9% en la tasa, a fin de que sea accesible.<\/p>\n","protected":false},"author":5,"featured_media":0,"comment_status":"open","ping_status":"open","sticky":false,"template":"","format":"standard","meta":[],"categories":[42],"tags":[954,567,229],"_links":{"self":[{"href":"http:\/\/rurallascolonias.com.ar\/index.php?rest_route=\/wp\/v2\/posts\/4768"}],"collection":[{"href":"http:\/\/rurallascolonias.com.ar\/index.php?rest_route=\/wp\/v2\/posts"}],"about":[{"href":"http:\/\/rurallascolonias.com.ar\/index.php?rest_route=\/wp\/v2\/types\/post"}],"author":[{"embeddable":true,"href":"http:\/\/rurallascolonias.com.ar\/index.php?rest_route=\/wp\/v2\/users\/5"}],"replies":[{"embeddable":true,"href":"http:\/\/rurallascolonias.com.ar\/index.php?rest_route=%2Fwp%2Fv2%2Fcomments&post=4768"}],"version-history":[{"count":1,"href":"http:\/\/rurallascolonias.com.ar\/index.php?rest_route=\/wp\/v2\/posts\/4768\/revisions"}],"predecessor-version":[{"id":4769,"href":"http:\/\/rurallascolonias.com.ar\/index.php?rest_route=\/wp\/v2\/posts\/4768\/revisions\/4769"}],"wp:attachment":[{"href":"http:\/\/rurallascolonias.com.ar\/index.php?rest_route=%2Fwp%2Fv2%2Fmedia&parent=4768"}],"wp:term":[{"taxonomy":"category","embeddable":true,"href":"http:\/\/rurallascolonias.com.ar\/index.php?rest_route=%2Fwp%2Fv2%2Fcategories&post=4768"},{"taxonomy":"post_tag","embeddable":true,"href":"http:\/\/rurallascolonias.com.ar\/index.php?rest_route=%2Fwp%2Fv2%2Ftags&post=4768"}],"curies":[{"name":"wp","href":"https:\/\/api.w.org\/{rel}","templated":true}]}}