{"id":4765,"date":"2014-11-10T15:31:42","date_gmt":"2014-11-10T15:31:42","guid":{"rendered":"http:\/\/rurallascolonias.com.ar\/?p=4765"},"modified":"2014-11-10T15:31:42","modified_gmt":"2014-11-10T15:31:42","slug":"el-gobierno-nacional-abrio-cupos-para-exportar-maiz-y-trigo-nuevo-por-unos-us-1-800-millones","status":"publish","type":"post","link":"http:\/\/rurallascolonias.com.ar\/?p=4765","title":{"rendered":"El Gobierno nacional abri\u00f3 cupos para exportar ma\u00edz y trigo nuevo por unos US$ 1.800 millones"},"content":{"rendered":"<h2><a href=\"http:\/\/rurallascolonias.com.ar\/wp-content\/uploads\/2014\/11\/ma\u00ecz.png\"><img loading=\"lazy\" class=\"aligncenter size-full wp-image-4766\" src=\"http:\/\/rurallascolonias.com.ar\/wp-content\/uploads\/2014\/11\/ma\u00ecz.png\" alt=\"ma\u00ecz\" width=\"318\" height=\"159\" srcset=\"http:\/\/rurallascolonias.com.ar\/wp-content\/uploads\/2014\/11\/ma\u00ecz.png 318w, http:\/\/rurallascolonias.com.ar\/wp-content\/uploads\/2014\/11\/ma\u00ecz-300x150.png 300w\" sizes=\"(max-width: 318px) 100vw, 318px\" \/><\/a>Ser\u00e1 para los pr\u00f3ximos meses por un total de 9,5 millones de toneladas de la nueva cosecha, la mayor parte para el ma\u00edz.<\/h2>\n<p><!--more--><\/p>\n<p>El Gobierno anunci\u00f3 nuevos cupos para la exportaci\u00f3n en los pr\u00f3ximos meses de trigo y ma\u00edz de la nueva campa\u00f1a, los dos cereales que desde hace 7 a\u00f1os tienen un f\u00e9rreo control oficial, por un estimado de $ 1800 millones, a valores FOB actuales. Se trata de 1,5 mill\u00f3n de toneladas de trigo, incluida la harina, de la cosecha que se est\u00e1 haciendo en estos d\u00edas, para embarcar desde el pr\u00f3ximo 15 de diciembre. A eso se suman, 8 millones de toneladas de ma\u00edz para embarcar desde el 15 de marzo pr\u00f3ximo. El volumen autorizado de ma\u00edz que todav\u00eda no se sembr\u00f3 es in\u00e9dito para el cereal desde que se impusieron los controles y permisos de exportaci\u00f3n a trav\u00e9s del sistema ROE.\u00a0 El anuncio fue efectuado tras una reuni\u00f3n que el jefe de Gabinete, Jorge Capitanich, los ministros de Econom\u00eda, Axel Kicillof, y el de Agricultura, Carlos Casamiquela, mantuvieron ayer con referentes de las c\u00e1maras de exportadores de granos. Seg\u00fan inform\u00f3 Econom\u00eda, estuvieron directivos de Dreyfus; Vicentin; Noble; Cargill; ACA; Toepfer; Amaggi; CHS; Nidera; Multigrain; Compa\u00f1\u00eda Argentina de Granos; AFA; ADM; AGD; Bunge; Molinos y Gear.\u00a0 Justamente, la habilitaci\u00f3n de exportaciones de ambos cereales, tanto de la vieja cosecha como de la nueva, hab\u00eda sido un reclamo que las cerealeras hab\u00edan hecho al Gobierno en medio de la negociaci\u00f3n que hace un par de semanas termin\u00f3 en un acuerdo para que ingresen divisas hasta fin de a\u00f1o por US$ 5.700 millones. La decisi\u00f3n \u00abapunta a que todo excedente sobre las necesidades de consumo interno sea destinado a la exportaci\u00f3n\u00bb a la vez de \u00abestablecer un marco de previsi\u00f3n y certidumbre del sector\u00bb, sostuvieron en Econom\u00eda.<\/p>\n<p><strong>Fuente: El Cronista<\/strong><\/p>\n","protected":false},"excerpt":{"rendered":"<p>Ser\u00e1 para los pr\u00f3ximos meses por un total de 9,5 millones de toneladas de la nueva cosecha, la mayor parte para el ma\u00edz.<\/p>\n","protected":false},"author":5,"featured_media":0,"comment_status":"open","ping_status":"open","sticky":false,"template":"","format":"standard","meta":[],"categories":[42],"tags":[1590,1591,1592,123],"_links":{"self":[{"href":"http:\/\/rurallascolonias.com.ar\/index.php?rest_route=\/wp\/v2\/posts\/4765"}],"collection":[{"href":"http:\/\/rurallascolonias.com.ar\/index.php?rest_route=\/wp\/v2\/posts"}],"about":[{"href":"http:\/\/rurallascolonias.com.ar\/index.php?rest_route=\/wp\/v2\/types\/post"}],"author":[{"embeddable":true,"href":"http:\/\/rurallascolonias.com.ar\/index.php?rest_route=\/wp\/v2\/users\/5"}],"replies":[{"embeddable":true,"href":"http:\/\/rurallascolonias.com.ar\/index.php?rest_route=%2Fwp%2Fv2%2Fcomments&post=4765"}],"version-history":[{"count":1,"href":"http:\/\/rurallascolonias.com.ar\/index.php?rest_route=\/wp\/v2\/posts\/4765\/revisions"}],"predecessor-version":[{"id":4767,"href":"http:\/\/rurallascolonias.com.ar\/index.php?rest_route=\/wp\/v2\/posts\/4765\/revisions\/4767"}],"wp:attachment":[{"href":"http:\/\/rurallascolonias.com.ar\/index.php?rest_route=%2Fwp%2Fv2%2Fmedia&parent=4765"}],"wp:term":[{"taxonomy":"category","embeddable":true,"href":"http:\/\/rurallascolonias.com.ar\/index.php?rest_route=%2Fwp%2Fv2%2Fcategories&post=4765"},{"taxonomy":"post_tag","embeddable":true,"href":"http:\/\/rurallascolonias.com.ar\/index.php?rest_route=%2Fwp%2Fv2%2Ftags&post=4765"}],"curies":[{"name":"wp","href":"https:\/\/api.w.org\/{rel}","templated":true}]}}