{"id":4740,"date":"2014-11-06T17:34:19","date_gmt":"2014-11-06T17:34:19","guid":{"rendered":"http:\/\/rurallascolonias.com.ar\/?p=4740"},"modified":"2014-11-06T17:34:19","modified_gmt":"2014-11-06T17:34:19","slug":"el-tractorazo-se-hace-sentir-en-cordoba","status":"publish","type":"post","link":"http:\/\/rurallascolonias.com.ar\/?p=4740","title":{"rendered":"El tractorazo se hace sentir en C\u00f3rdoba"},"content":{"rendered":"<p>Productores rurales entregan frutas y verduras esta ma\u00f1ana en la protesta encabezada por la Mesa de Enlace. Exigen al Gobierno terminar con alta presi\u00f3n tributaria. Se movilizaron unos 30 tractores frente a la Plaza San Mart\u00edn de C\u00f3rdoba. <!--more--><\/p>\n<p>El tr\u00e1nsito es normal en esa zona c\u00e9ntrica, mientras los productores explicaban en cada una de las entregas lo poco que ganan y lo mucho que se paga en las g\u00f3ndolas por esos productos.\u00a0Miguel Campetella, protesorero de FAA C\u00f3rdoba, dijo a Cadena 3: \u00abTenemos cortada las l\u00edneas de cr\u00e9dito del Banco Naci\u00f3n y est\u00e1n caros los insumos\u00bb.<\/p>\n<p>\u00abLa Mesa de Enlace va a dar una conferencia y lo recibi\u00f3 la vicegobernadora, Alicia Pregno, en el Centro C\u00edvico donde entregaron un petitorio\u00bb, se\u00f1al\u00f3.<\/p>\n<p>Indic\u00f3 adem\u00e1s que la protesta se extender\u00e1 hasta alrededor de las 14, por lo que sin inspectores de tr\u00e1nsito y algunos sem\u00e1foros sin funcionar, circular por el centro ser\u00e1 un caos.<\/p>\n<p>El titular de CONINAGRO C\u00f3rdoba, Marco Giraudo, dijo que el objetivo de la manifestaci\u00f3n es acusar la \u00abfenomenal\u00bb presi\u00f3n fiscal que tiene el sector.<\/p>\n<p>\u00abEs una industria a cielo abierto. Tenemos perspectivas clim\u00e1ticas que marcan como va a ser la cosecha. Se ve un fen\u00f3meno El \u00d1i\u00f1o en el que tambi\u00e9n salen tormentas\u00bb, dijo.<\/p>\n<p>D\u00edas atr\u00e1s una granizada da\u00f1o 90 mil hect\u00e1reas en el departamento Uni\u00f3n y Marcos Ju\u00e1rez, y entre los cultivos da\u00f1ados: ma\u00edz, soja y trigo; este \u00faltimo se llev\u00f3 la peor parte.<\/p>\n<p>\u00abEl trigo estaba listo para cosechar. Hay resiembrea, pero a un aumento de costos. Igual el productor tiene que sembrar hoy, en marzo se ver\u00e1 la cosecha.<\/p>\n<p>Con relaci\u00f3n a manifestaciones de Schiaretti, de que hab\u00edan aceptado una suba a los \u00edndices de la inflaci\u00f3n (35%) para el Inmobiliario Rural para el 2015, aclar\u00f3: \u00abNosotros no acordamos ning\u00fan aumento con \u00e9l. Qu\u00e9 se haga cargo \u00e9l de lo que dijo\u00bb.<\/p>\n<p>Como para graficar la alta presi\u00f3n impositiva, dijo que de cada 100 pesos que produce el campo, 82 se los lleva el fisco por distintos impuestos (nacional y provincial).<\/p>\n<p>\u00abEs tan alta la carga fiscal, que nosotros hemos dicho basta. Necesitamos que el Estado empiece a hablar de inflaci\u00f3n y de c\u00f3mo combate el gasto p\u00fablico\u00bb, agreg\u00f3.<\/p>\n<p>Los ruralistas panfletean con los precios que recibe la producci\u00f3n y los que se pagan en las g\u00f3ndolas. Por caso, grafic\u00f3 que la banana que el productor de Formosa recibe 0,60 peso por kilo, se vende a raz\u00f3n de 22 pesos el kilo en los s\u00fapers, algo similar sucede con el pan, que se paga a un promedio de 26 pesos, cuando el productor recibe 1,10 peso por kilo de trigo.<\/p>\n<p>En la protesta est\u00e1 presente la c\u00fapula del ruralismo: Carlos Garetto (CONINAGRO), Luis Etchevehere (Sociedad Rural Argentina), Rub\u00e9n Ferrero (Confederaciones Rurales Argentinas) y Eduardo Buzzi (Federaci\u00f3n Agraria Argentina).<\/p>\n<p>Fuente: Edicionrural<\/p>\n","protected":false},"excerpt":{"rendered":"<p>Productores rurales entregan frutas y verduras esta ma\u00f1ana en la protesta encabezada por la Mesa de Enlace. Exigen al Gobierno terminar con alta presi\u00f3n tributaria. Se movilizaron unos 30 tractores frente a la Plaza San Mart\u00edn de C\u00f3rdoba.<\/p>\n","protected":false},"author":5,"featured_media":0,"comment_status":"open","ping_status":"open","sticky":false,"template":"","format":"standard","meta":[],"categories":[42],"tags":[682,1579,1572],"_links":{"self":[{"href":"http:\/\/rurallascolonias.com.ar\/index.php?rest_route=\/wp\/v2\/posts\/4740"}],"collection":[{"href":"http:\/\/rurallascolonias.com.ar\/index.php?rest_route=\/wp\/v2\/posts"}],"about":[{"href":"http:\/\/rurallascolonias.com.ar\/index.php?rest_route=\/wp\/v2\/types\/post"}],"author":[{"embeddable":true,"href":"http:\/\/rurallascolonias.com.ar\/index.php?rest_route=\/wp\/v2\/users\/5"}],"replies":[{"embeddable":true,"href":"http:\/\/rurallascolonias.com.ar\/index.php?rest_route=%2Fwp%2Fv2%2Fcomments&post=4740"}],"version-history":[{"count":1,"href":"http:\/\/rurallascolonias.com.ar\/index.php?rest_route=\/wp\/v2\/posts\/4740\/revisions"}],"predecessor-version":[{"id":4742,"href":"http:\/\/rurallascolonias.com.ar\/index.php?rest_route=\/wp\/v2\/posts\/4740\/revisions\/4742"}],"wp:attachment":[{"href":"http:\/\/rurallascolonias.com.ar\/index.php?rest_route=%2Fwp%2Fv2%2Fmedia&parent=4740"}],"wp:term":[{"taxonomy":"category","embeddable":true,"href":"http:\/\/rurallascolonias.com.ar\/index.php?rest_route=%2Fwp%2Fv2%2Fcategories&post=4740"},{"taxonomy":"post_tag","embeddable":true,"href":"http:\/\/rurallascolonias.com.ar\/index.php?rest_route=%2Fwp%2Fv2%2Ftags&post=4740"}],"curies":[{"name":"wp","href":"https:\/\/api.w.org\/{rel}","templated":true}]}}