{"id":4732,"date":"2014-11-06T17:11:33","date_gmt":"2014-11-06T17:11:33","guid":{"rendered":"http:\/\/rurallascolonias.com.ar\/?p=4732"},"modified":"2014-11-06T17:11:33","modified_gmt":"2014-11-06T17:11:33","slug":"la-leche-va-a-subir-el-tema-es-cuando","status":"publish","type":"post","link":"http:\/\/rurallascolonias.com.ar\/?p=4732","title":{"rendered":"La leche va a subir, el tema es cu\u00e1ndo"},"content":{"rendered":"<p><a href=\"http:\/\/rurallascolonias.com.ar\/wp-content\/uploads\/2014\/07\/lecher\u00eda1.jpg\"><img loading=\"lazy\" class=\"aligncenter size-full wp-image-3430\" src=\"http:\/\/rurallascolonias.com.ar\/wp-content\/uploads\/2014\/07\/lecher\u00eda1.jpg\" alt=\"lecher\u00eda\" width=\"259\" height=\"194\" \/><\/a>Fonterra espera rebote precio de la leche Es una cuesti\u00f3n de cu\u00e1ndo, en lugar de si los precios de la leche en polvo entera levantan de nuevo, seg\u00fan el presidente de Fonterra John Wilson<!--more--><\/p>\n<p>La demanda de productos l\u00e1cteos ha aumentado ya que los precios de la leche se redujeron y significar\u00eda una eventual elevaci\u00f3n de los precios de la leche en polvo entera, dijo Wilson en la apertura de la nueva planta de UHT de la cooperativa en Waitoa.<\/p>\n<p>\u201cEstamos sin duda anticipando que los precios de la leche en polvo entera comenzar\u00e1n a llegar en los pr\u00f3ximos seis meses \u2013 es s\u00f3lo cu\u00e1ndo, no estamos tan seguros.\u201d<\/p>\n<p>Wilson espera que el ascensor va ser dirigido por la demanda de China, el sudeste de Asia, Oriente Medio y los mercados del norte de \u00c1frica.<\/p>\n<p>En los \u00faltimos 18 meses, el clima favorable en la mayor parte del mundo para la producci\u00f3n de leche, junto con los altos precios, hab\u00eda llevado inevitablemente a que m\u00e1s leche se produjera, dijo.<\/p>\n<p>Wilson asegur\u00f3 que ser\u00eda interesante ver lo que los productores de leche a nivel mundial hicieron en Estados Unidos y Europa en respuesta al entorno de bajo desembolso actual.<\/p>\n<p>Pero la din\u00e1mica global de la oferta y la demanda era muy apretado.<\/p>\n<p>A nivel nacional, los productores de leche de Nueva Zelanda tuvieron un fant\u00e1stico inicio de temporada desde el punto de vista de la producci\u00f3n.<\/p>\n<p>\u201cEn todo el pa\u00eds, los vol\u00famenes de leche han sido fuertes, sobre todo en la Isla del Norte. Es m\u00e1s que notable.\u201d<\/p>\n<p>Poco m\u00e1s de 55 millones de litros han sido recogidos de la Isla del Norte y un poco menos de 90 millones de litros en todo el pa\u00eds. Esto fue alrededor de 2,6 millones de litros o 3 a 3,5 por ciento por encima de la temporada pasada.<\/p>\n<p>Las pr\u00f3ximas seis semanas ser\u00e1n cr\u00edticas para la regi\u00f3n y Wilson esperaba que haya buenas condiciones clim\u00e1ticas con el verano que se acerca r\u00e1pidamente.<\/p>\n<p>\u201cCreo que va a ser muy interesante si se queda seco. Creo que muchos de nuestros agricultores tendr\u00e1 un enfoque diferente para su cultivo a lo que han tenido en el \u00faltimo par de a\u00f1os durante el verano.\u201d<\/p>\n<p>Sospecha que habr\u00eda menos suplementos alimentarios para las vacas este verano debido al precio inferior de la leche.<\/p>\n<p>\u201cSi bien estamos en el pico en este momento \u2026 Creo que es muy probable que vamos a producir m\u00e1s leche en Nueva Zelanda este a\u00f1o que el a\u00f1o pasado.\u201d<\/p>\n<p>Pero el aumento de la producci\u00f3n podr\u00eda no ser suficiente para compensar los efectos de la ca\u00edda de los pagos.<\/p>\n<p>\u201cLa realidad es que se trata de un cambio significativo de 8,40 d\u00f3lares el kilo de s\u00f3lidos a $ 5,30 para nuestros agricultores.\u201d<\/p>\n<p>Wilson dijo que la junta era \u201cconciente\u201d de lo dif\u00edcil que era para los agricultores y sus flujos de caja.<\/p>\n<p>Por Dami\u00e1n Morais<br \/>\nFuente: www.stuff.co.nz<\/p>\n","protected":false},"excerpt":{"rendered":"<p>Fonterra espera rebote precio de la leche Es una cuesti\u00f3n de cu\u00e1ndo, en lugar de si los precios de la leche en polvo entera levantan de nuevo, seg\u00fan el presidente de Fonterra John Wilson<\/p>\n","protected":false},"author":5,"featured_media":0,"comment_status":"open","ping_status":"open","sticky":false,"template":"","format":"standard","meta":[],"categories":[46],"tags":[660,47,103],"_links":{"self":[{"href":"http:\/\/rurallascolonias.com.ar\/index.php?rest_route=\/wp\/v2\/posts\/4732"}],"collection":[{"href":"http:\/\/rurallascolonias.com.ar\/index.php?rest_route=\/wp\/v2\/posts"}],"about":[{"href":"http:\/\/rurallascolonias.com.ar\/index.php?rest_route=\/wp\/v2\/types\/post"}],"author":[{"embeddable":true,"href":"http:\/\/rurallascolonias.com.ar\/index.php?rest_route=\/wp\/v2\/users\/5"}],"replies":[{"embeddable":true,"href":"http:\/\/rurallascolonias.com.ar\/index.php?rest_route=%2Fwp%2Fv2%2Fcomments&post=4732"}],"version-history":[{"count":1,"href":"http:\/\/rurallascolonias.com.ar\/index.php?rest_route=\/wp\/v2\/posts\/4732\/revisions"}],"predecessor-version":[{"id":4733,"href":"http:\/\/rurallascolonias.com.ar\/index.php?rest_route=\/wp\/v2\/posts\/4732\/revisions\/4733"}],"wp:attachment":[{"href":"http:\/\/rurallascolonias.com.ar\/index.php?rest_route=%2Fwp%2Fv2%2Fmedia&parent=4732"}],"wp:term":[{"taxonomy":"category","embeddable":true,"href":"http:\/\/rurallascolonias.com.ar\/index.php?rest_route=%2Fwp%2Fv2%2Fcategories&post=4732"},{"taxonomy":"post_tag","embeddable":true,"href":"http:\/\/rurallascolonias.com.ar\/index.php?rest_route=%2Fwp%2Fv2%2Ftags&post=4732"}],"curies":[{"name":"wp","href":"https:\/\/api.w.org\/{rel}","templated":true}]}}