{"id":4678,"date":"2014-11-03T18:12:42","date_gmt":"2014-11-03T18:12:42","guid":{"rendered":"http:\/\/rurallascolonias.com.ar\/?p=4678"},"modified":"2014-11-03T18:12:42","modified_gmt":"2014-11-03T18:12:42","slug":"el-mal-tiempo-lentamente-se-mueve-hacia-el-este","status":"publish","type":"post","link":"http:\/\/rurallascolonias.com.ar\/?p=4678","title":{"rendered":"El mal tiempo lentamente se mueve hacia el este"},"content":{"rendered":"<div class=\"description\"><a href=\"http:\/\/rurallascolonias.com.ar\/wp-content\/uploads\/2014\/11\/mal-tiempo.png\"><img loading=\"lazy\" class=\"aligncenter size-full wp-image-4679\" src=\"http:\/\/rurallascolonias.com.ar\/wp-content\/uploads\/2014\/11\/mal-tiempo.png\" alt=\"mal tiempo\" width=\"259\" height=\"194\" \/><\/a>Las lluvias ser\u00e1n persistentes al menos hasta el mediod\u00eda, en forma modesta, por momentos con algunos chaparrones dispersos.<\/div>\n<p><!--more--><\/p>\n<div class=\"authorinfo\"><\/div>\n<div class=\"vsmcontent\">\n<p align=\"justify\">Durante la jornada del s\u00e1bado las lluvias comenzaron a llegar sobre la franja central del pa\u00eds movi\u00e9ndose de oeste a este, la cobertura fue completa pero con milimetrajes que fueron aumentando desde CB hacia SF, dejando apenas lloviznas en la provincia de LP y el noroeste de BA.<\/p>\n<p align=\"justify\">Durante el domingo el mal tiempo comenz\u00f3 a desplazarse y se volvi\u00f3 estacionario sobre gran parte del este de BA y la provincia de ER, manteni\u00e9ndose sobre la franja este de SF. Sobre el estuario del R\u00edo de la Plata la circulaci\u00f3n del viento produjo una sudestada con gran impacto sobre todo el sector ribere\u00f1o.<\/p>\n<p align=\"justify\">Durante la madrugada de hoy, las principales lluvias se han concentrado en el este de BA y en la provincia de ER. La foto satelital permite identificar el \u00e1rea donde la cobertura nubosa se presenta m\u00e1s activa en cuanto a lluvia.<\/p>\n<p align=\"justify\">Las nubes no son de gran desarrollo vertical, s\u00f3lo en algunos sectores de ER se est\u00e1n generando celdas de tormenta de menor importancia, sin embargo, las lluvias a pesar de no ser intensas, son continuas y van acumulando importantes milimetrajes.<\/p>\n<p align=\"justify\"><b>\u00bfHACIA DONDE VA EL MAL TIEMPO?<\/b><\/p>\n<p align=\"justify\">Como se aprecia, el sistema de mal tiempo lentamente se mueve hacia el este, habiendo ya mejorado el tiempo en toda la franja mediterr\u00e1nea. El panorama para la jornada de hoy, se perfila con un lento movimiento del mal tiempo hacia el este.<\/p>\n<p align=\"justify\">Por lo tanto las lluvias ser\u00e1n persistentes al menos hasta el mediod\u00eda, en forma modesta, por momentos con algunos chaparrones dispersos. ER y el noreste de BA ser\u00e1n las zonas m\u00e1s afectadas y posiblemente las que salgan m\u00e1s lento de esta situaci\u00f3n meteorol\u00f3gica, pero en general todo el este de BA est\u00e1 comprometido por el mal tiempo.<\/p>\n<p align=\"justify\">Las condiciones ya mejoran en forma m\u00e1s \u00e1gil desde la noche de hoy. Se espera que ma\u00f1ana los cielos ya se presenten mayormente despejados, salvo zonas costeras del este de BA. Se espera buen tiempo el mi\u00e9rcoles, inestable el jueves.<\/p>\n<p align=\"justify\">Fuente: <a title=\"Fyo\" href=\"http:\/\/www.fyo.com.ar\/\"><span style=\"color: #0066cc;\">Fyo<\/span><\/a><\/p>\n<\/div>\n","protected":false},"excerpt":{"rendered":"<p>Las lluvias ser\u00e1n persistentes al menos hasta el mediod\u00eda, en forma modesta, por momentos con algunos chaparrones dispersos.<\/p>\n","protected":false},"author":5,"featured_media":0,"comment_status":"open","ping_status":"open","sticky":false,"template":"","format":"standard","meta":[],"categories":[40],"tags":[457],"_links":{"self":[{"href":"http:\/\/rurallascolonias.com.ar\/index.php?rest_route=\/wp\/v2\/posts\/4678"}],"collection":[{"href":"http:\/\/rurallascolonias.com.ar\/index.php?rest_route=\/wp\/v2\/posts"}],"about":[{"href":"http:\/\/rurallascolonias.com.ar\/index.php?rest_route=\/wp\/v2\/types\/post"}],"author":[{"embeddable":true,"href":"http:\/\/rurallascolonias.com.ar\/index.php?rest_route=\/wp\/v2\/users\/5"}],"replies":[{"embeddable":true,"href":"http:\/\/rurallascolonias.com.ar\/index.php?rest_route=%2Fwp%2Fv2%2Fcomments&post=4678"}],"version-history":[{"count":1,"href":"http:\/\/rurallascolonias.com.ar\/index.php?rest_route=\/wp\/v2\/posts\/4678\/revisions"}],"predecessor-version":[{"id":4680,"href":"http:\/\/rurallascolonias.com.ar\/index.php?rest_route=\/wp\/v2\/posts\/4678\/revisions\/4680"}],"wp:attachment":[{"href":"http:\/\/rurallascolonias.com.ar\/index.php?rest_route=%2Fwp%2Fv2%2Fmedia&parent=4678"}],"wp:term":[{"taxonomy":"category","embeddable":true,"href":"http:\/\/rurallascolonias.com.ar\/index.php?rest_route=%2Fwp%2Fv2%2Fcategories&post=4678"},{"taxonomy":"post_tag","embeddable":true,"href":"http:\/\/rurallascolonias.com.ar\/index.php?rest_route=%2Fwp%2Fv2%2Ftags&post=4678"}],"curies":[{"name":"wp","href":"https:\/\/api.w.org\/{rel}","templated":true}]}}