{"id":4612,"date":"2014-10-28T16:37:23","date_gmt":"2014-10-28T16:37:23","guid":{"rendered":"http:\/\/rurallascolonias.com.ar\/?p=4612"},"modified":"2014-10-28T16:37:54","modified_gmt":"2014-10-28T16:37:54","slug":"alerta-por-tormentas-y-caida-de-granizo-en-el-centro-del-pais","status":"publish","type":"post","link":"http:\/\/rurallascolonias.com.ar\/?p=4612","title":{"rendered":"Alerta por tormentas y ca\u00edda de granizo en el centro del pa\u00eds"},"content":{"rendered":"<p><a href=\"http:\/\/rurallascolonias.com.ar\/wp-content\/uploads\/2014\/10\/tormentas.png\"><img loading=\"lazy\" class=\"aligncenter size-full wp-image-4613\" src=\"http:\/\/rurallascolonias.com.ar\/wp-content\/uploads\/2014\/10\/tormentas.png\" alt=\"tormentas\" width=\"295\" height=\"171\" \/><\/a>Comprende al Norte, centro y Este de Buenos Aires, ciudad de Buenos Aires, Sudeste y Este de C\u00f3rdoba, centro y Sur de Santa Fe, Entre R\u00edos, R\u00edo de la Plata y Sur de Uruguay<!--more--><\/p>\n<p>Un sistema de tormentas contin\u00faa movi\u00e9ndose sobre el Noroeste y centro de la provincia de Buenos Aires y hacia el Este, seg\u00fan inform\u00f3 esta ma\u00f1ana el meteor\u00f3logo Mat\u00edas Bertolotti en su cuenta oficial de Facebook.<\/p>\n<p>\u00abLa moderada inestabilidad interactuando con una moderada cortante vertical profunda del viento, todo por delante del retroceso de un frente c\u00e1lido, est\u00e1 generando estas tormentas que en las pr\u00f3ximas horas se intensificar\u00e1n, a medida que se desplacen hacia el este, aunque mantendr\u00e1n sus bases elevadas\u00bb, detall\u00f3.<\/p>\n<p>\u00abEl riesgo de granizadas, fuerte actividad el\u00e9ctrica, chaparrones intensos en cortos per\u00edodos de tiempo y algunas r\u00e1fagas de viento continuar\u00e1 siendo alto al menos hasta bien entrada la tarde\u00bb, agreg\u00f3.<\/p>\n<p>El alerta comprende al Norte, centro y Este de Buenos Aires, ciudad de Buenos Aires, Sudeste y Este de C\u00f3rdoba, centro y Sur de Santa Fe, Entre R\u00edos, R\u00edo de la Plata y Sur de Uruguay y es por tormentas fuertes y\/o severas, capaces de producir en forma aislada fuertes granizadas, violentas r\u00e1fagas de viento, intensas lluvias en cortos per\u00edodos de tiempo y gran actividad el\u00e9ctrica<\/p>\n<p>Fuente: Infocampo<\/p>\n","protected":false},"excerpt":{"rendered":"<p>Comprende al Norte, centro y Este de Buenos Aires, ciudad de Buenos Aires, Sudeste y Este de C\u00f3rdoba, centro y Sur de Santa Fe, Entre R\u00edos, R\u00edo de la Plata y Sur de Uruguay<\/p>\n","protected":false},"author":5,"featured_media":0,"comment_status":"open","ping_status":"open","sticky":false,"template":"","format":"standard","meta":[],"categories":[1],"tags":[],"_links":{"self":[{"href":"http:\/\/rurallascolonias.com.ar\/index.php?rest_route=\/wp\/v2\/posts\/4612"}],"collection":[{"href":"http:\/\/rurallascolonias.com.ar\/index.php?rest_route=\/wp\/v2\/posts"}],"about":[{"href":"http:\/\/rurallascolonias.com.ar\/index.php?rest_route=\/wp\/v2\/types\/post"}],"author":[{"embeddable":true,"href":"http:\/\/rurallascolonias.com.ar\/index.php?rest_route=\/wp\/v2\/users\/5"}],"replies":[{"embeddable":true,"href":"http:\/\/rurallascolonias.com.ar\/index.php?rest_route=%2Fwp%2Fv2%2Fcomments&post=4612"}],"version-history":[{"count":2,"href":"http:\/\/rurallascolonias.com.ar\/index.php?rest_route=\/wp\/v2\/posts\/4612\/revisions"}],"predecessor-version":[{"id":4615,"href":"http:\/\/rurallascolonias.com.ar\/index.php?rest_route=\/wp\/v2\/posts\/4612\/revisions\/4615"}],"wp:attachment":[{"href":"http:\/\/rurallascolonias.com.ar\/index.php?rest_route=%2Fwp%2Fv2%2Fmedia&parent=4612"}],"wp:term":[{"taxonomy":"category","embeddable":true,"href":"http:\/\/rurallascolonias.com.ar\/index.php?rest_route=%2Fwp%2Fv2%2Fcategories&post=4612"},{"taxonomy":"post_tag","embeddable":true,"href":"http:\/\/rurallascolonias.com.ar\/index.php?rest_route=%2Fwp%2Fv2%2Ftags&post=4612"}],"curies":[{"name":"wp","href":"https:\/\/api.w.org\/{rel}","templated":true}]}}