{"id":4603,"date":"2014-10-28T16:08:07","date_gmt":"2014-10-28T16:08:07","guid":{"rendered":"http:\/\/rurallascolonias.com.ar\/?p=4603"},"modified":"2014-10-28T16:08:07","modified_gmt":"2014-10-28T16:08:07","slug":"segun-un-sondeo-de-opinion-hoy-los-productores-votarian-por-macri-o-binner","status":"publish","type":"post","link":"http:\/\/rurallascolonias.com.ar\/?p=4603","title":{"rendered":"Seg\u00fan un sondeo de opini\u00f3n, hoy los productores votar\u00edan por Macri o Binner"},"content":{"rendered":"<h2><a href=\"http:\/\/rurallascolonias.com.ar\/wp-content\/uploads\/2014\/10\/macri-y-binner.jpg\"><img loading=\"lazy\" class=\"aligncenter size-full wp-image-4604\" src=\"http:\/\/rurallascolonias.com.ar\/wp-content\/uploads\/2014\/10\/macri-y-binner.jpg\" alt=\"macri y binner\" width=\"318\" height=\"158\" srcset=\"http:\/\/rurallascolonias.com.ar\/wp-content\/uploads\/2014\/10\/macri-y-binner.jpg 318w, http:\/\/rurallascolonias.com.ar\/wp-content\/uploads\/2014\/10\/macri-y-binner-300x149.jpg 300w\" sizes=\"(max-width: 318px) 100vw, 318px\" \/><\/a>MEC Consultores Asociados dio a conocer una encuesta sobre productores en torno a las pol\u00edticas del actual Gobierno y a las preferencias de candidatos para 2015.<\/h2>\n<p><!--more--><\/p>\n<p>\u201cCae fuerte la imagen de la Presidenta entre los productores; un 63% calific\u00f3 su gesti\u00f3n como \u2018mala o muy mala\u2019, seg\u00fan un sondeo privado en la \u2018zona n\u00facleo\u2019\u201d, public\u00f3 ayer iEco, en base a una \u00a0encuesta realizada en la primera quincena de octubre. \u201cEn el sector la imagen del Gobierno no era tan mala tres a\u00f1os atr\u00e1s, pero ahora empeor\u00f3 notablemente y pas\u00f3 del 31% al 63%\u201d, indic\u00f3 el trabajo de la empresa MEC Consultores Asociados (Rosario), que entrevist\u00f3 a 350 agropecuarios en la zona n\u00facleo (Buenos Aires, Santa Fe, C\u00f3rdoba y Entre R\u00edos).<\/p>\n<p>\u201cUn 63% de ellos valoraron como \u2018mala o muy mala\u2019 la gesti\u00f3n actual del Gobierno nacional, mientras que solamente un 6% la calific\u00f3 de \u2018buena a excelente\u2019. Cristina, que en 2011 fue elegida para un segundo mandato con el 54% de los votos, tiene entre los chacareros una imagen todav\u00eda peor que la de su Gobierno, pues un 67% de las opiniones fueron negativas para la Presidenta, mientras que solo 8% de los encuestados valor\u00f3 su imagen. En ambos casos, los picos de rechazo a la gesti\u00f3n del kirchnerismo se dieron en Entre R\u00edos y C\u00f3rdoba\u201d.<\/p>\n<p>En cuanto a la pol\u00edtica agropecuaria implementada por el Gobierno, un 82% de los productores la juzg\u00f3 entre \u201cmala y muy mala\u201d, mientras que s\u00f3lo 2% realiz\u00f3 una valoraci\u00f3n positiva, mientras que sobre c\u00f3mo ser\u00e1 la situaci\u00f3n del pa\u00eds el pr\u00f3ximo a\u00f1o, un 65% de los encuestados opin\u00f3 que \u201cpeor\u201d y solo 14% consider\u00f3 que las cosas podr\u00edan mejorar. Respecto de la situaci\u00f3n del campo, el porcentaje de pesimistas creci\u00f3 hasta un 70%.<\/p>\n<p>\u201cPensando en las elecciones de 2015, entre los productores de la regi\u00f3n n\u00facleo, los precandidatos a presidente con imagen positiva son Mauricio Macri, Hermes Binner, Ernesto Sanz y Julio Cobos, mientras que Elisa Carri\u00f3, Sergio Massa, Pino Solanas y Daniel Scioli figuran un escal\u00f3n m\u00e1s abajo, con una imagen de regular a buena\u201d.<\/p>\n<p>Si las elecciones fueran hoy, este estudio apunt\u00f3 que los productores votar\u00edan de la siguiente manera: \u201c41,5% elegir\u00eda a Macri; 17,9% a Binner; 5,8% a Massa; 4,5% a Cobos; 2,5% a Sanz; 2,4% a Scioli; 1,8% a De la Sota; 1,5% a Randazzo; 0,8% a Urribarri; 0,6% a Carri\u00f3; 0,3% a Taiana; y 0% a Agust\u00edn Rossi\u201d.<\/p>\n<p>Se sobreentiende que el 21,2% no elegir\u00eda a ninguno de los mencionados, lo cual representa un porcentaje elevado de indecisos a\u00fan.<\/p>\n<p><strong>Fuente: Nuestro Agro \/ Infobae<\/strong><\/p>\n","protected":false},"excerpt":{"rendered":"<p>MEC Consultores Asociados dio a conocer una encuesta sobre productores en torno a las pol\u00edticas del actual Gobierno y a las preferencias de candidatos para 2015.<\/p>\n","protected":false},"author":5,"featured_media":0,"comment_status":"open","ping_status":"open","sticky":false,"template":"","format":"standard","meta":[],"categories":[14],"tags":[1550,1551],"_links":{"self":[{"href":"http:\/\/rurallascolonias.com.ar\/index.php?rest_route=\/wp\/v2\/posts\/4603"}],"collection":[{"href":"http:\/\/rurallascolonias.com.ar\/index.php?rest_route=\/wp\/v2\/posts"}],"about":[{"href":"http:\/\/rurallascolonias.com.ar\/index.php?rest_route=\/wp\/v2\/types\/post"}],"author":[{"embeddable":true,"href":"http:\/\/rurallascolonias.com.ar\/index.php?rest_route=\/wp\/v2\/users\/5"}],"replies":[{"embeddable":true,"href":"http:\/\/rurallascolonias.com.ar\/index.php?rest_route=%2Fwp%2Fv2%2Fcomments&post=4603"}],"version-history":[{"count":1,"href":"http:\/\/rurallascolonias.com.ar\/index.php?rest_route=\/wp\/v2\/posts\/4603\/revisions"}],"predecessor-version":[{"id":4605,"href":"http:\/\/rurallascolonias.com.ar\/index.php?rest_route=\/wp\/v2\/posts\/4603\/revisions\/4605"}],"wp:attachment":[{"href":"http:\/\/rurallascolonias.com.ar\/index.php?rest_route=%2Fwp%2Fv2%2Fmedia&parent=4603"}],"wp:term":[{"taxonomy":"category","embeddable":true,"href":"http:\/\/rurallascolonias.com.ar\/index.php?rest_route=%2Fwp%2Fv2%2Fcategories&post=4603"},{"taxonomy":"post_tag","embeddable":true,"href":"http:\/\/rurallascolonias.com.ar\/index.php?rest_route=%2Fwp%2Fv2%2Ftags&post=4603"}],"curies":[{"name":"wp","href":"https:\/\/api.w.org\/{rel}","templated":true}]}}