{"id":4601,"date":"2014-10-28T15:57:59","date_gmt":"2014-10-28T15:57:59","guid":{"rendered":"http:\/\/rurallascolonias.com.ar\/?p=4601"},"modified":"2014-10-28T15:57:59","modified_gmt":"2014-10-28T15:57:59","slug":"aseguran-que-se-puede-volver-a-venderle-trigo-a-brasil","status":"publish","type":"post","link":"http:\/\/rurallascolonias.com.ar\/?p=4601","title":{"rendered":"Aseguran que se puede volver a venderle trigo a Brasil"},"content":{"rendered":"<div class=\"description\"><a href=\"http:\/\/rurallascolonias.com.ar\/wp-content\/uploads\/2014\/10\/trigo.png\"><img loading=\"lazy\" class=\"alignleft size-full wp-image-4269\" src=\"http:\/\/rurallascolonias.com.ar\/wp-content\/uploads\/2014\/10\/trigo.png\" alt=\"trigo\" width=\"337\" height=\"149\" srcset=\"http:\/\/rurallascolonias.com.ar\/wp-content\/uploads\/2014\/10\/trigo.png 337w, http:\/\/rurallascolonias.com.ar\/wp-content\/uploads\/2014\/10\/trigo-300x132.png 300w\" sizes=\"(max-width: 337px) 100vw, 337px\" \/><\/a>La Argentina est\u00e1 en condiciones de volver a exportar en 2015 la mayor parte del trigo que Brasil necesita, seg\u00fan el sector privado.<\/div>\n<p><!--more--><\/p>\n<div class=\"authorinfo\"><\/div>\n<div class=\"vsmcontent\">\n<p align=\"justify\">La oferta del cereal pampeano, que este a\u00f1o fue m\u00ednima, ser\u00eda de unas 5,5 millones de toneladas, m\u00e1s otras 750.000 toneladas de harina. Pero los negocios podr\u00edan malograrse si el Gobierno vuelve a demorar la aprobaci\u00f3n de los permisos de embarque. El an\u00e1lisis sobre las chances argentinas de recuperar su principal mercado triguero (en los \u00faltimos a\u00f1os, por falta de oferta local, Brasil tuvo que importar el cereal de Rusia, Ucrania, Estados Unidos o Canad\u00e1), fueron lanzadas en el 21 Congreso de Abitrigo por el titular del Centro de Corredores de Cereales, Javier Buj\u00e1n. Frente a los principales importadores del vecino pa\u00eds, el analista asegur\u00f3 que se espera un crecimiento de la cosecha del 14% y que la oferta ser\u00eda suficiente para multiplicar \u201ctres veces y media\u201d la oferta de<br \/>\neste a\u00f1o.<br \/>\nSeg\u00fan datos oficiales, la Argentina export\u00f3 a Brasil en 2013 solo 2,11 millones de toneladas, mientras que en el primer semestre de 2014 super\u00f3 1 mill\u00f3n. La demanda del vecino pa\u00eds, que es el mayor importador mundial, es muy superior, de entre 5 y 7 millones de toneladas.<br \/>\nLos pron\u00f3sticos de Buj\u00e1n coinci den con los de las grandes bolsas de cereales del pa\u00eds. La de Rosario calcul\u00f3 que se sembraron 4,36 millones de hect\u00e1reas de trigo y se cosechar\u00edan 12 millones de toneladas.<br \/>\nLa de Buenos Aires es m\u00e1s moderada, con 4,10 millones y 11,5 millones, respectivamente. En cualquier caso, habr\u00eda un saldo exportable de 5 o 6 millones de toneladas.<br \/>\nEl gobierno -que todav\u00eda no habilit\u00f3 permisos de exportaci\u00f3n para el trigo que ya comenz\u00f3 a cosecharse- es todav\u00eda m\u00e1s optimista, pues el Ministerio de Agricultura sostuvo que el \u00e1rea sembrada trep\u00f3 a 4,6 millones de hect\u00e1reas.<br \/>\nEn ese caso, si el rinde fuera el hist\u00f3rico promedio, la producci\u00f3n rozar\u00eda las 13 millones de toneladas.<\/p>\n<p align=\"justify\">Fuente: <a title=\"Clarin\" href=\"http:\/\/www.clarin.com\/\"><span style=\"color: #0066cc;\">Clarin<\/span><\/a><\/p>\n<\/div>\n","protected":false},"excerpt":{"rendered":"<p>La Argentina est\u00e1 en condiciones de volver a exportar en 2015 la mayor parte del trigo que Brasil necesita, seg\u00fan el sector privado.<\/p>\n","protected":false},"author":5,"featured_media":0,"comment_status":"open","ping_status":"open","sticky":false,"template":"","format":"standard","meta":[],"categories":[42],"tags":[342,27],"_links":{"self":[{"href":"http:\/\/rurallascolonias.com.ar\/index.php?rest_route=\/wp\/v2\/posts\/4601"}],"collection":[{"href":"http:\/\/rurallascolonias.com.ar\/index.php?rest_route=\/wp\/v2\/posts"}],"about":[{"href":"http:\/\/rurallascolonias.com.ar\/index.php?rest_route=\/wp\/v2\/types\/post"}],"author":[{"embeddable":true,"href":"http:\/\/rurallascolonias.com.ar\/index.php?rest_route=\/wp\/v2\/users\/5"}],"replies":[{"embeddable":true,"href":"http:\/\/rurallascolonias.com.ar\/index.php?rest_route=%2Fwp%2Fv2%2Fcomments&post=4601"}],"version-history":[{"count":1,"href":"http:\/\/rurallascolonias.com.ar\/index.php?rest_route=\/wp\/v2\/posts\/4601\/revisions"}],"predecessor-version":[{"id":4602,"href":"http:\/\/rurallascolonias.com.ar\/index.php?rest_route=\/wp\/v2\/posts\/4601\/revisions\/4602"}],"wp:attachment":[{"href":"http:\/\/rurallascolonias.com.ar\/index.php?rest_route=%2Fwp%2Fv2%2Fmedia&parent=4601"}],"wp:term":[{"taxonomy":"category","embeddable":true,"href":"http:\/\/rurallascolonias.com.ar\/index.php?rest_route=%2Fwp%2Fv2%2Fcategories&post=4601"},{"taxonomy":"post_tag","embeddable":true,"href":"http:\/\/rurallascolonias.com.ar\/index.php?rest_route=%2Fwp%2Fv2%2Ftags&post=4601"}],"curies":[{"name":"wp","href":"https:\/\/api.w.org\/{rel}","templated":true}]}}