{"id":4595,"date":"2014-10-27T17:41:16","date_gmt":"2014-10-27T17:41:16","guid":{"rendered":"http:\/\/rurallascolonias.com.ar\/?p=4595"},"modified":"2014-10-27T17:41:16","modified_gmt":"2014-10-27T17:41:16","slug":"alerta-a-corto-plazo-hay-riesgo-de-tormentas-severas-en-sectores-del-centro-del-pais","status":"publish","type":"post","link":"http:\/\/rurallascolonias.com.ar\/?p=4595","title":{"rendered":"Alerta a corto plazo: Hay riesgo de tormentas severas en sectores del centro del pa\u00eds"},"content":{"rendered":"<p><strong><em><a href=\"http:\/\/rurallascolonias.com.ar\/wp-content\/uploads\/2014\/10\/sat\u00e9lite.jpg\"><img loading=\"lazy\" class=\"aligncenter wp-image-4596 size-medium\" src=\"http:\/\/rurallascolonias.com.ar\/wp-content\/uploads\/2014\/10\/sat\u00e9lite-300x133.jpg\" alt=\"sat\u00e9lite\" width=\"300\" height=\"133\" srcset=\"http:\/\/rurallascolonias.com.ar\/wp-content\/uploads\/2014\/10\/sat\u00e9lite-300x133.jpg 300w, http:\/\/rurallascolonias.com.ar\/wp-content\/uploads\/2014\/10\/sat\u00e9lite-600x266.jpg 600w, http:\/\/rurallascolonias.com.ar\/wp-content\/uploads\/2014\/10\/sat\u00e9lite-624x276.jpg 624w, http:\/\/rurallascolonias.com.ar\/wp-content\/uploads\/2014\/10\/sat\u00e9lite.jpg 631w\" sizes=\"(max-width: 300px) 100vw, 300px\" \/><\/a>Comprende al norte, centro y este de Buenos Aires, ciudad de Buenos Aires, sur y centro de Santa Fe y Entre R\u00edos y sur de Uruguay.<\/em><\/strong><!--more--><\/p>\n<p>Es por la formaci\u00f3n de tormentas, algunas localmente fuertes y\/o severas, BIEN AISLADAS, en la zona capaces de producir violentas r\u00e1fagas de viento, ocasional ca\u00edda de granizo, fuerte actividad el\u00e9ctrica e intensos chaparrones en cortos per\u00edodos de tiempo, SOLO entre la tarde y la noche de hoy\u2026<\/p>\n<p>\u00abUna masa de aire caluroso, h\u00famedo e inestable domina sobre toda la zona centro-Este del pa\u00eds, mientras que un frente fr\u00edo contin\u00faa avanzando por la zona central y generando tormentas y lluvias en zonas aisladas de La Pampa, el Sur de Buenos Aires y el Este de Mendoza\u00bb. As\u00ed lo indic\u00f3 hoy el meteor\u00f3logo Mat\u00edas Bertolotti en su cuenta de Facebook.<\/p>\n<p>\u00abPara la tarde de hoy, luego de las 18 horas, el frente fr\u00edo liberar\u00e1 la moderada inestabilidad (m\u00e1s de 2000 J\/Kg de CAPE) que estar\u00e1 alojada en la zona bajo aviso activando tormentas y chaparrones\u00bb, se\u00f1al\u00f3 Bertolotti.<\/p>\n<p>\u00abProducto de esta inestabilidad, y dada la moderada cortante vertical media y profunda existente en la zona, varias de estas tormentas aisladas podr\u00edan evolucionar a severas (supercelulares) aunque siempre aisladas\u00bb, agreg\u00f3 el meteor\u00f3logo.<\/p>\n<p>\u00abEs decir, sobre la zona bajo aviso habr\u00e1 un par de lugares que recibir\u00e1n la chance de tener estas tormentas, pero no todos; el riesgo severo principal son las violentas r\u00e1fagas de viento, que localmente podr\u00edan alcanzar los 100 kil\u00f3metros por hora; el granizo, algunos de tama\u00f1os medianos, tambi\u00e9n acompa\u00f1ar\u00e1 a las SC m\u00e1s intensas, mientras que como eventos secundarios quedar\u00e1n los fuertes chaparrones en cortos per\u00edodos de tiempo y la intensa actividad el\u00e9ctricas\u00bb, proyect\u00f3 Bertolotti.<\/p>\n<p>\u00abLas condiciones del tiempo estar\u00e1n mejorando a partir de la madrugada del martes, aunque de manera temporaria, ya que ma\u00f1ana y el mi\u00e9rcoles el panorama del tiempo volver\u00e1 a complicarse y mucho en toda la zona central del pa\u00eds\u00bb, concluy\u00f3.<\/p>\n<p>Fuente: Infocampo<\/p>\n","protected":false},"excerpt":{"rendered":"<p>Comprende al norte, centro y este de Buenos Aires, ciudad de Buenos Aires, sur y centro de Santa Fe y Entre R\u00edos y sur de Uruguay.<\/p>\n","protected":false},"author":5,"featured_media":0,"comment_status":"open","ping_status":"open","sticky":false,"template":"","format":"standard","meta":[],"categories":[40],"tags":[138,91,1549],"_links":{"self":[{"href":"http:\/\/rurallascolonias.com.ar\/index.php?rest_route=\/wp\/v2\/posts\/4595"}],"collection":[{"href":"http:\/\/rurallascolonias.com.ar\/index.php?rest_route=\/wp\/v2\/posts"}],"about":[{"href":"http:\/\/rurallascolonias.com.ar\/index.php?rest_route=\/wp\/v2\/types\/post"}],"author":[{"embeddable":true,"href":"http:\/\/rurallascolonias.com.ar\/index.php?rest_route=\/wp\/v2\/users\/5"}],"replies":[{"embeddable":true,"href":"http:\/\/rurallascolonias.com.ar\/index.php?rest_route=%2Fwp%2Fv2%2Fcomments&post=4595"}],"version-history":[{"count":1,"href":"http:\/\/rurallascolonias.com.ar\/index.php?rest_route=\/wp\/v2\/posts\/4595\/revisions"}],"predecessor-version":[{"id":4597,"href":"http:\/\/rurallascolonias.com.ar\/index.php?rest_route=\/wp\/v2\/posts\/4595\/revisions\/4597"}],"wp:attachment":[{"href":"http:\/\/rurallascolonias.com.ar\/index.php?rest_route=%2Fwp%2Fv2%2Fmedia&parent=4595"}],"wp:term":[{"taxonomy":"category","embeddable":true,"href":"http:\/\/rurallascolonias.com.ar\/index.php?rest_route=%2Fwp%2Fv2%2Fcategories&post=4595"},{"taxonomy":"post_tag","embeddable":true,"href":"http:\/\/rurallascolonias.com.ar\/index.php?rest_route=%2Fwp%2Fv2%2Ftags&post=4595"}],"curies":[{"name":"wp","href":"https:\/\/api.w.org\/{rel}","templated":true}]}}