{"id":4547,"date":"2014-10-23T16:13:12","date_gmt":"2014-10-23T16:13:12","guid":{"rendered":"http:\/\/rurallascolonias.com.ar\/?p=4547"},"modified":"2014-10-23T16:13:12","modified_gmt":"2014-10-23T16:13:12","slug":"la-caida-de-granizo-afecto-gravemente-mas-de-10-000-hectareas-en-el-norte-santafesino","status":"publish","type":"post","link":"http:\/\/rurallascolonias.com.ar\/?p=4547","title":{"rendered":"La ca\u00edda de granizo afect\u00f3 gravemente m\u00e1s de 10.000 hect\u00e1reas en el norte santafesino"},"content":{"rendered":"<h2><a href=\"http:\/\/rurallascolonias.com.ar\/wp-content\/uploads\/2014\/10\/granizo.png\"><img loading=\"lazy\" class=\"aligncenter size-full wp-image-4548\" src=\"http:\/\/rurallascolonias.com.ar\/wp-content\/uploads\/2014\/10\/granizo.png\" alt=\"granizo\" width=\"259\" height=\"194\" \/><\/a>Los departamentos afectados son 9 de Julio, Vera y General Obligado, donde se registraron fuertes vientos, precipitaciones y ca\u00edda de granizo, con variada incidencia en los sistemas productivos.<\/h2>\n<p><!--more--><\/p>\n<p>Un evento clim\u00e1tico de relevancia se registr\u00f3 el pasado 18 de octubre, en los departamentos 9 de Julio, Vera y General Obligado, con presencia de fuertes vientos, precipitaciones, descargas el\u00e9ctricas y ca\u00edda de granizo, con variada incidencia en los diferentes sistemas productivos. De acuerdo a la informaci\u00f3n brindada por la Bolsa de Comercio de Santa Fe, las zonas afectadas por el granizo fueron:<\/p>\n<p>_ los Juries y Guardia Escolta (este de la provincia de Santiago del Estero) hasta el l\u00edmite interprovincial, con da\u00f1os totales en los cultivares. En el oeste del departamento 9 de Julio, con da\u00f1os parciales, localizados y poca superficie afectada.<\/p>\n<p>_ departamento 9 de Julio, distrito Tostado al norte hasta Antonio Pini, con da\u00f1os totales puntuales, muerte de animales y da\u00f1os parciales.<\/p>\n<p>_ departamento General Obligado, distritos La Sarita y Lanteri con da\u00f1os totales y parciales, y Las Garzas , Guadalupe Norte y Avellaneda, con da\u00f1os parciales.<\/p>\n<p>Seg\u00fan se inform\u00f3, en el \u00e1rea agr\u00edcola del departamento 9 de Julio el \u00e1rea afectada comprende entre las 4.900 y 5.100 hect\u00e1reas, mientras que en General Obligado alcanza unas 7.800 hect\u00e1reas. \u201cLos cultivares afectados fueron girasol, trigo, ma\u00edz temprano, en distintos y variados grados, de acuerdo con el estado fenol\u00f3gicos en que se encontraban los cultivos\u201d, informaron los especialistas de la entidad.<\/p>\n<p><strong>Fuente: Nuestro Agro<\/strong><\/p>\n","protected":false},"excerpt":{"rendered":"<p>Los departamentos afectados son 9 de Julio, Vera y General Obligado, donde se registraron fuertes vientos, precipitaciones y ca\u00edda de granizo, con variada incidencia en los sistemas productivos.<\/p>\n","protected":false},"author":5,"featured_media":0,"comment_status":"open","ping_status":"open","sticky":false,"template":"","format":"standard","meta":[],"categories":[42],"tags":[113],"_links":{"self":[{"href":"http:\/\/rurallascolonias.com.ar\/index.php?rest_route=\/wp\/v2\/posts\/4547"}],"collection":[{"href":"http:\/\/rurallascolonias.com.ar\/index.php?rest_route=\/wp\/v2\/posts"}],"about":[{"href":"http:\/\/rurallascolonias.com.ar\/index.php?rest_route=\/wp\/v2\/types\/post"}],"author":[{"embeddable":true,"href":"http:\/\/rurallascolonias.com.ar\/index.php?rest_route=\/wp\/v2\/users\/5"}],"replies":[{"embeddable":true,"href":"http:\/\/rurallascolonias.com.ar\/index.php?rest_route=%2Fwp%2Fv2%2Fcomments&post=4547"}],"version-history":[{"count":1,"href":"http:\/\/rurallascolonias.com.ar\/index.php?rest_route=\/wp\/v2\/posts\/4547\/revisions"}],"predecessor-version":[{"id":4549,"href":"http:\/\/rurallascolonias.com.ar\/index.php?rest_route=\/wp\/v2\/posts\/4547\/revisions\/4549"}],"wp:attachment":[{"href":"http:\/\/rurallascolonias.com.ar\/index.php?rest_route=%2Fwp%2Fv2%2Fmedia&parent=4547"}],"wp:term":[{"taxonomy":"category","embeddable":true,"href":"http:\/\/rurallascolonias.com.ar\/index.php?rest_route=%2Fwp%2Fv2%2Fcategories&post=4547"},{"taxonomy":"post_tag","embeddable":true,"href":"http:\/\/rurallascolonias.com.ar\/index.php?rest_route=%2Fwp%2Fv2%2Ftags&post=4547"}],"curies":[{"name":"wp","href":"https:\/\/api.w.org\/{rel}","templated":true}]}}