{"id":4540,"date":"2014-10-23T16:01:34","date_gmt":"2014-10-23T16:01:34","guid":{"rendered":"http:\/\/rurallascolonias.com.ar\/?p=4540"},"modified":"2014-10-23T16:09:48","modified_gmt":"2014-10-23T16:09:48","slug":"ferrero-en-idea-ferrero-el-gobierno-solo-ve-al-sector-agropecuario-como-un-ambito-de-extraccion-de-divisas","status":"publish","type":"post","link":"http:\/\/rurallascolonias.com.ar\/?p=4540","title":{"rendered":"Ferrero: \u201cEl Gobierno solo ve al sector agropecuario como un \u00e1mbito de extracci\u00f3n de divisas\u201d"},"content":{"rendered":"<p id=\"yui_3_16_0_1_1414011597469_60976\" style=\"background: white; font: 13px\/16.5pt 'Helvetica Neue', 'Segoe UI', Helvetica, Arial, 'Lucida Grande', sans-serif; margin: 0px 0px 10.5pt; padding: 0px; text-align: justify; color: #000000; text-transform: none; text-indent: 0px; letter-spacing: normal; word-spacing: 0px; display: block; white-space: normal; font-size-adjust: none; font-stretch: normal; -webkit-text-stroke-width: 0px;\"><span id=\"yui_3_16_0_1_1414011597469_60975\" style=\"font-size: medium;\"><span id=\"yui_3_16_0_1_1414011597469_60974\" style=\"color: #000000;\"><span id=\"yui_3_16_0_1_1414011597469_60973\" style=\"background: white; font-family: Arial;\"><a href=\"http:\/\/rurallascolonias.com.ar\/wp-content\/uploads\/2014\/09\/FERRERO1.png\"><img loading=\"lazy\" class=\"alignleft size-full wp-image-4117\" src=\"http:\/\/rurallascolonias.com.ar\/wp-content\/uploads\/2014\/09\/FERRERO1.png\" alt=\"FERRERO\" width=\"307\" height=\"164\" srcset=\"http:\/\/rurallascolonias.com.ar\/wp-content\/uploads\/2014\/09\/FERRERO1.png 307w, http:\/\/rurallascolonias.com.ar\/wp-content\/uploads\/2014\/09\/FERRERO1-300x160.png 300w\" sizes=\"(max-width: 307px) 100vw, 307px\" \/><\/a>El presidente de Confederaciones Rurales Argentinas (CRA), Rub\u00e9n Ferrero, expres\u00f3, en el marco del Coloquio de IDEA que se desarrolla en la ciudad de Mar del Plata, en relaci\u00f3n al acuerdo que hoy se difunde entre el Gobierno nacional y las cerealeras por el adelanto de US$ 1.500 millones en concepto de exportaci\u00f3n de granos y productos procesados que<span class=\"Apple-converted-space\">\u00a0<\/span><\/span><span id=\"yui_3_16_0_1_1414011597469_60991\" style=\"font-family: Arial;\">\u201cen esta d\u00e9cada kirchnerista el campo aport\u00f3 unos US$ 350.000 millones que se esfumaron de la mano de p\u00e9simas pol\u00edticas implementadas por el Gobierno\u201d.<\/span><\/span><\/span><!--more--><\/p>\n<p style=\"background: white; font: 13px\/16.5pt 'Helvetica Neue', 'Segoe UI', Helvetica, Arial, 'Lucida Grande', sans-serif; margin: 0px 0px 10.5pt; padding: 0px; text-align: justify; color: #000000; text-transform: none; text-indent: 0px; letter-spacing: normal; word-spacing: 0px; display: block; white-space: normal; font-size-adjust: none; font-stretch: normal; -webkit-text-stroke-width: 0px;\"><span style=\"font-family: Arial;\"><span style=\"color: #000000; font-size: medium;\">En ese mismo sentido Ferrero agreg\u00f3 que \u201cel oficialismo solo ve al sector agropecuario como un \u00e1mbito de extracci\u00f3n de divisas y no como el espacio econ\u00f3mico m\u00e1s importante de la Argentina. Uno de cada tres d\u00f3lares que ingresan al pa\u00eds provienen del \u00e1mbito agropecuario y el Gobierno en vez de apoyar su desarrollo con medidas que fomenten el aumento de la producci\u00f3n solo se encarga de presionarlo\u201d.<\/span><\/span><\/p>\n<p id=\"yui_3_16_0_1_1414011597469_61011\" style=\"background: white; font: 13px\/16.5pt 'Helvetica Neue', 'Segoe UI', Helvetica, Arial, 'Lucida Grande', sans-serif; margin: 0px 0px 10.5pt; padding: 0px; text-align: justify; color: #000000; text-transform: none; text-indent: 0px; letter-spacing: normal; word-spacing: 0px; display: block; white-space: normal; font-size-adjust: none; font-stretch: normal; -webkit-text-stroke-width: 0px;\"><span id=\"yui_3_16_0_1_1414011597469_61016\" style=\"font-family: Arial;\"><span id=\"yui_3_16_0_1_1414011597469_61015\" style=\"font-size: medium;\"><span id=\"yui_3_16_0_1_1414011597469_61014\" style=\"color: #000000;\">En relaci\u00f3n directa al pedido de adelanto de las liquidaciones de exportaciones Ferrero dijo que \u201cel Gobierno, como siempre sucede a esta altura<span class=\"yiv6198226128apple-converted-space\">\u00a0del a\u00f1o, solo busca<span class=\"Apple-converted-space\">\u00a0<\/span><\/span><strong id=\"yui_3_16_0_1_1414011597469_61018\" style=\"font-weight: bold;\"><span id=\"yui_3_16_0_1_1414011597469_61017\" style=\"font-family: Arial; font-weight: normal;\">echar mano a los d\u00f3lares de los exportadores. Ya<span class=\"Apple-converted-space\">\u00a0<\/span><\/span><\/strong>lo hicieron el a\u00f1o pasado con unos US$ 2.000 millones y<span class=\"yiv6198226128apple-converted-space\">\u00a0<\/span><strong id=\"yui_3_16_0_1_1414011597469_61013\" style=\"font-weight: bold;\"><span id=\"yui_3_16_0_1_1414011597469_61012\" style=\"font-family: Arial; font-weight: normal;\">tampoco \u00a0les alcanz\u00f3\u201d<\/span><\/strong><b>.<\/b><\/span><\/span><\/span><\/p>\n<p id=\"yui_3_16_0_1_1414011597469_61007\" style=\"background: white; font: 13px\/16.5pt 'Helvetica Neue', 'Segoe UI', Helvetica, Arial, 'Lucida Grande', sans-serif; margin: 0px 0px 10.5pt; padding: 0px; text-align: justify; color: #000000; text-transform: none; text-indent: 0px; letter-spacing: normal; word-spacing: 0px; display: block; white-space: normal; font-size-adjust: none; font-stretch: normal; -webkit-text-stroke-width: 0px;\"><span id=\"yui_3_16_0_1_1414011597469_61009\" style=\"font-family: Arial;\"><span id=\"yui_3_16_0_1_1414011597469_61008\" style=\"color: #000000; font-size: medium;\">Por \u00faltimo el titular de CRA dijo que el \u201cmodelo kirchnerista del apriete y de las pol\u00edticas de un d\u00eda para el otro ya est\u00e1 agotado, y es lo que est\u00e1 exponiendo todo el arco empresarial en este Coloquio de IDEA\u201d.<\/span><\/span><\/p>\n<p style=\"background: white; font: 13px\/16.5pt 'Helvetica Neue', 'Segoe UI', Helvetica, Arial, 'Lucida Grande', sans-serif; margin: 0px 0px 10.5pt; padding: 0px; text-align: justify; color: #000000; text-transform: none; text-indent: 0px; letter-spacing: normal; word-spacing: 0px; display: block; white-space: normal; font-size-adjust: none; font-stretch: normal; -webkit-text-stroke-width: 0px;\">CRA<\/p>\n","protected":false},"excerpt":{"rendered":"<p>El presidente de Confederaciones Rurales Argentinas (CRA), Rub\u00e9n Ferrero, expres\u00f3, en el marco del Coloquio de IDEA que se desarrolla en la ciudad de Mar del Plata, en relaci\u00f3n al acuerdo que hoy se difunde entre el Gobierno nacional y las cerealeras por el adelanto de US$ 1.500 millones en concepto de exportaci\u00f3n de granos [&hellip;]<\/p>\n","protected":false},"author":5,"featured_media":0,"comment_status":"open","ping_status":"open","sticky":false,"template":"","format":"standard","meta":[],"categories":[42],"tags":[373],"_links":{"self":[{"href":"http:\/\/rurallascolonias.com.ar\/index.php?rest_route=\/wp\/v2\/posts\/4540"}],"collection":[{"href":"http:\/\/rurallascolonias.com.ar\/index.php?rest_route=\/wp\/v2\/posts"}],"about":[{"href":"http:\/\/rurallascolonias.com.ar\/index.php?rest_route=\/wp\/v2\/types\/post"}],"author":[{"embeddable":true,"href":"http:\/\/rurallascolonias.com.ar\/index.php?rest_route=\/wp\/v2\/users\/5"}],"replies":[{"embeddable":true,"href":"http:\/\/rurallascolonias.com.ar\/index.php?rest_route=%2Fwp%2Fv2%2Fcomments&post=4540"}],"version-history":[{"count":3,"href":"http:\/\/rurallascolonias.com.ar\/index.php?rest_route=\/wp\/v2\/posts\/4540\/revisions"}],"predecessor-version":[{"id":4546,"href":"http:\/\/rurallascolonias.com.ar\/index.php?rest_route=\/wp\/v2\/posts\/4540\/revisions\/4546"}],"wp:attachment":[{"href":"http:\/\/rurallascolonias.com.ar\/index.php?rest_route=%2Fwp%2Fv2%2Fmedia&parent=4540"}],"wp:term":[{"taxonomy":"category","embeddable":true,"href":"http:\/\/rurallascolonias.com.ar\/index.php?rest_route=%2Fwp%2Fv2%2Fcategories&post=4540"},{"taxonomy":"post_tag","embeddable":true,"href":"http:\/\/rurallascolonias.com.ar\/index.php?rest_route=%2Fwp%2Fv2%2Ftags&post=4540"}],"curies":[{"name":"wp","href":"https:\/\/api.w.org\/{rel}","templated":true}]}}