{"id":4537,"date":"2014-10-23T15:56:16","date_gmt":"2014-10-23T15:56:16","guid":{"rendered":"http:\/\/rurallascolonias.com.ar\/?p=4537"},"modified":"2014-10-23T15:56:16","modified_gmt":"2014-10-23T15:56:16","slug":"cerealeras-se-comprometen-a-liquidar-us-5-700-millones","status":"publish","type":"post","link":"http:\/\/rurallascolonias.com.ar\/?p=4537","title":{"rendered":"Cerealeras se comprometen a liquidar u$s 5.700 millones"},"content":{"rendered":"<p><strong><em><a href=\"http:\/\/rurallascolonias.com.ar\/wp-content\/uploads\/2014\/10\/cerealeras.png\"><img loading=\"lazy\" class=\"aligncenter size-full wp-image-4538\" src=\"http:\/\/rurallascolonias.com.ar\/wp-content\/uploads\/2014\/10\/cerealeras.png\" alt=\"cerealeras\" width=\"240\" height=\"160\" \/><\/a>Tras pedido del Gobierno<\/em><\/strong><\/p>\n<p>Las empresas agroexportadoras, agrupadas en CIARA y CEC, informaron que prev\u00e9n vender ese monto en el \u00faltimo trimestre del a\u00f1o. Es en concepto de la cosecha que a\u00fan tienen acopiada.<!--more--><\/p>\n<p>Luego de una reuni\u00f3n que funcionarios del Gobierno mantuvieron el lunes pasado con representantes de las cerealeras y en las que les pidieron que liquidaran parte de los granos que a\u00fan acopian, el sector agroexportador inform\u00f3 esta tarde que ingresar\u00e1n unos 5.700 millones de d\u00f3lares en el \u00faltimo trimestre del a\u00f1o, en concepto de liquidaci\u00f3n de divisas por exportaci\u00f3n de granos y productos procesados.<\/p>\n<p>La C\u00e1mara de la Industria Aceitera de la Rep\u00fablica Argentina (CIARA) y el Centro de Exportadores de Cereales (CEC), a trav\u00e9s de un comunicado de prensa, se\u00f1al\u00f3 que prev\u00e9n \u00abel ingreso de 5.700 millones de d\u00f3lares en concepto de liquidaci\u00f3n de divisas por exportaci\u00f3n de granos y productos procesados, durante el \u00faltimo trimestre del corriente a\u00f1o\u00bb.<\/p>\n<p>La confirmaci\u00f3n se concret\u00f3 en las primeras horas de la tarde, luego de que circularan insistentes rumores en torno al tema.<\/p>\n<p>El compromiso de los agroexportadores se habr\u00eda concretado en el marco de la mencionada reuni\u00f3n, que las principales autoridades del sector mantuvieron de forma reservada con funcionarios del Ministerio de Econom\u00eda y del Banco Central<\/p>\n<p>Autor: &#8212;\u00a0|\u00a0 Fuente: ambito<\/p>\n","protected":false},"excerpt":{"rendered":"<p>Tras pedido del Gobierno Las empresas agroexportadoras, agrupadas en CIARA y CEC, informaron que prev\u00e9n vender ese monto en el \u00faltimo trimestre del a\u00f1o. Es en concepto de la cosecha que a\u00fan tienen acopiada.<\/p>\n","protected":false},"author":5,"featured_media":0,"comment_status":"open","ping_status":"open","sticky":false,"template":"","format":"standard","meta":[],"categories":[14],"tags":[80],"_links":{"self":[{"href":"http:\/\/rurallascolonias.com.ar\/index.php?rest_route=\/wp\/v2\/posts\/4537"}],"collection":[{"href":"http:\/\/rurallascolonias.com.ar\/index.php?rest_route=\/wp\/v2\/posts"}],"about":[{"href":"http:\/\/rurallascolonias.com.ar\/index.php?rest_route=\/wp\/v2\/types\/post"}],"author":[{"embeddable":true,"href":"http:\/\/rurallascolonias.com.ar\/index.php?rest_route=\/wp\/v2\/users\/5"}],"replies":[{"embeddable":true,"href":"http:\/\/rurallascolonias.com.ar\/index.php?rest_route=%2Fwp%2Fv2%2Fcomments&post=4537"}],"version-history":[{"count":1,"href":"http:\/\/rurallascolonias.com.ar\/index.php?rest_route=\/wp\/v2\/posts\/4537\/revisions"}],"predecessor-version":[{"id":4539,"href":"http:\/\/rurallascolonias.com.ar\/index.php?rest_route=\/wp\/v2\/posts\/4537\/revisions\/4539"}],"wp:attachment":[{"href":"http:\/\/rurallascolonias.com.ar\/index.php?rest_route=%2Fwp%2Fv2%2Fmedia&parent=4537"}],"wp:term":[{"taxonomy":"category","embeddable":true,"href":"http:\/\/rurallascolonias.com.ar\/index.php?rest_route=%2Fwp%2Fv2%2Fcategories&post=4537"},{"taxonomy":"post_tag","embeddable":true,"href":"http:\/\/rurallascolonias.com.ar\/index.php?rest_route=%2Fwp%2Fv2%2Ftags&post=4537"}],"curies":[{"name":"wp","href":"https:\/\/api.w.org\/{rel}","templated":true}]}}