{"id":4416,"date":"2014-10-14T14:50:02","date_gmt":"2014-10-14T14:50:02","guid":{"rendered":"http:\/\/rurallascolonias.com.ar\/?p=4416"},"modified":"2014-10-14T14:50:02","modified_gmt":"2014-10-14T14:50:02","slug":"clima-agradable-y-temperaturas-en-ascenso","status":"publish","type":"post","link":"http:\/\/rurallascolonias.com.ar\/?p=4416","title":{"rendered":"Clima agradable y temperaturas en ascenso"},"content":{"rendered":"<div class=\"description\" style=\"color: #333333;\"><a href=\"http:\/\/rurallascolonias.com.ar\/wp-content\/uploads\/2014\/10\/clima.jpg\"><img loading=\"lazy\" class=\"aligncenter size-full wp-image-4417\" src=\"http:\/\/rurallascolonias.com.ar\/wp-content\/uploads\/2014\/10\/clima.jpg\" alt=\"clima\" width=\"259\" height=\"194\" \/><\/a>El term\u00f3metro oscilar\u00e1 este martes desde los 15 a los 27 grados, seg\u00fan el pron\u00f3stico del Servicio Meteorol\u00f3gico Nacional. A partir de ma\u00f1ana a la tarde comenzar\u00e1n a desmejorar las condiciones del tiempo<\/div>\n<p><!--more--><\/p>\n<div class=\"vsmcontent\" style=\"color: #333333;\">\n<p style=\"color: #333333;\">Tras el fin de semana largo, el martes tendr\u00e1 clima agradable y temperaturas en ascenso. Seg\u00fan el pron\u00f3stico extendido del Servicio Meteorol\u00f3gico Nacional, ir\u00e1n los pr\u00f3ximos d\u00edas desde los 18 a los 30 grados.<\/p>\n<div class=\"vsmcontent\">\n<p>Este\u00a0<b>martes<\/b>, el cielo estar\u00e1 algo a parcialmente nublado por la ma\u00f1ana y se espera nubosidad variable por la tarde. Los vientos ser\u00e1n leves del norte y cambiar\u00e1n al este. La temperatura m\u00ednima estimada es de 18 grados y la m\u00e1xima, de 30.<\/p>\n<p>El\u00a0<b>mi\u00e9rcoles<\/b>, en tanto, habr\u00e1 nubosidad variable por la ma\u00f1ana y cielo parcialmente nublado a nublado por la tarde. Los vientos ser\u00e1n leves a moderados del este y rotar\u00e1n al noreste. El tiempo ir\u00e1 desmejorando hacia la noche. Las temperaturas oscilar\u00e1n desde los 16 a los 28 grados.<\/p>\n<p>Finalmente, el\u00a0<b>jueves<\/b>, el cielo estar\u00e1 nublado por la ma\u00f1ana con probabilidad de precipitaciones. Por la tarde las condiciones del tiempo ir\u00e1n mejorando y se aguarda nubosidad variable. Los vientos ser\u00e1n moderados a leves del norte, rotar\u00e1n al noreste y cambiar\u00e1n al sudeste. Las temperaturas rondar\u00e1n entre los 17 y los 25 grados.<\/p>\n<p>&nbsp;<\/p>\n<p>&nbsp;<\/p>\n<p>&nbsp;<\/p>\n<\/div>\n<div class=\"copyright\">\n<div class=\"author\">Minuto uno<\/div>\n<\/div>\n<\/div>\n","protected":false},"excerpt":{"rendered":"<p>El term\u00f3metro oscilar\u00e1 este martes desde los 15 a los 27 grados, seg\u00fan el pron\u00f3stico del Servicio Meteorol\u00f3gico Nacional. A partir de ma\u00f1ana a la tarde comenzar\u00e1n a desmejorar las condiciones del tiempo<\/p>\n","protected":false},"author":5,"featured_media":0,"comment_status":"open","ping_status":"open","sticky":false,"template":"","format":"standard","meta":[],"categories":[40],"tags":[91,20],"_links":{"self":[{"href":"http:\/\/rurallascolonias.com.ar\/index.php?rest_route=\/wp\/v2\/posts\/4416"}],"collection":[{"href":"http:\/\/rurallascolonias.com.ar\/index.php?rest_route=\/wp\/v2\/posts"}],"about":[{"href":"http:\/\/rurallascolonias.com.ar\/index.php?rest_route=\/wp\/v2\/types\/post"}],"author":[{"embeddable":true,"href":"http:\/\/rurallascolonias.com.ar\/index.php?rest_route=\/wp\/v2\/users\/5"}],"replies":[{"embeddable":true,"href":"http:\/\/rurallascolonias.com.ar\/index.php?rest_route=%2Fwp%2Fv2%2Fcomments&post=4416"}],"version-history":[{"count":1,"href":"http:\/\/rurallascolonias.com.ar\/index.php?rest_route=\/wp\/v2\/posts\/4416\/revisions"}],"predecessor-version":[{"id":4418,"href":"http:\/\/rurallascolonias.com.ar\/index.php?rest_route=\/wp\/v2\/posts\/4416\/revisions\/4418"}],"wp:attachment":[{"href":"http:\/\/rurallascolonias.com.ar\/index.php?rest_route=%2Fwp%2Fv2%2Fmedia&parent=4416"}],"wp:term":[{"taxonomy":"category","embeddable":true,"href":"http:\/\/rurallascolonias.com.ar\/index.php?rest_route=%2Fwp%2Fv2%2Fcategories&post=4416"},{"taxonomy":"post_tag","embeddable":true,"href":"http:\/\/rurallascolonias.com.ar\/index.php?rest_route=%2Fwp%2Fv2%2Ftags&post=4416"}],"curies":[{"name":"wp","href":"https:\/\/api.w.org\/{rel}","templated":true}]}}