{"id":4408,"date":"2014-10-14T13:55:42","date_gmt":"2014-10-14T13:55:42","guid":{"rendered":"http:\/\/rurallascolonias.com.ar\/?p=4408"},"modified":"2014-10-14T13:55:42","modified_gmt":"2014-10-14T13:55:42","slug":"culmino-con-exito-el-congreso-de-ateneos-de-cra","status":"publish","type":"post","link":"http:\/\/rurallascolonias.com.ar\/?p=4408","title":{"rendered":"Culmin\u00f3 con \u00e9xito el Congreso de Ateneos de CRA"},"content":{"rendered":"<div class=\"description\" style=\"color: #333333;\"><a href=\"http:\/\/rurallascolonias.com.ar\/wp-content\/uploads\/2014\/10\/ateneo.jpg\"><img loading=\"lazy\" class=\"aligncenter wp-image-4411 size-medium\" src=\"http:\/\/rurallascolonias.com.ar\/wp-content\/uploads\/2014\/10\/ateneo-300x168.jpg\" alt=\"ateneo\" width=\"300\" height=\"168\" srcset=\"http:\/\/rurallascolonias.com.ar\/wp-content\/uploads\/2014\/10\/ateneo-300x168.jpg 300w, http:\/\/rurallascolonias.com.ar\/wp-content\/uploads\/2014\/10\/ateneo.jpg 600w\" sizes=\"(max-width: 300px) 100vw, 300px\" \/><\/a>Se llev\u00f3 a cabo este 11 y 12 de octubre con una participaci\u00f3n de 500 j\u00f3venes de todo el pa\u00eds.<\/div>\n<p><!--more--><\/p>\n<div class=\"description\" style=\"color: #333333;\"><\/div>\n<div class=\"vsmcontent\" style=\"color: #333333;\">\n<p><span style=\"font-size: medium;\"><span style=\"color: #000000;\">Durante dos intensas jornadas de trabajo y capacitaci\u00f3n 500 j\u00f3venes de 45 Ateneos oriundos de distintas sociedades rurales de\u00a0la Argentina<\/span><\/span><span style=\"color: #000000; font-size: medium;\">, colmaron el sal\u00f3n principal de<\/span><span style=\"color: #000000; font-size: medium;\">la Sociedad<\/span><span style=\"color: #000000; font-size: medium;\">\u00a0Rural<\/span><span style=\"color: #000000; font-size: medium;\">\u00a0Salte\u00f1a.<\/span><\/p>\n<p>&nbsp;<\/p>\n<p><span style=\"color: #000000; font-size: medium;\">Organizado por el Ateneo de\u00a0<\/span><span style=\"color: #000000; font-size: medium;\">la Sociedad<\/span><span style=\"color: #000000; font-size: medium;\">\u00a0Rural<\/span><span style=\"color: #000000; font-size: medium;\">\u00a0local el Congreso de\u00a0<\/span><span style=\"color: #000000; font-size: medium;\">Ateneos CRA<\/span><span style=\"color: #000000; font-size: medium;\">\u00a02014 puso la mirada en la sustentabilidad, el compromiso social con la sociedad, la comunicaci\u00f3n y el rol fundamental de los l\u00edderes. En este contexto se llevaron a cabo talleres coordinados por Luis Gonz\u00e1lez Venzano de CREA y paneles de testimonios sobre formaci\u00f3n dirigencial donde se destac\u00f3 la presencia de Hugo Rossi, ex presidente de\u00a0<\/span><span style=\"color: #000000; font-size: medium;\">la Sociedad<\/span><span style=\"color: #000000; font-size: medium;\">\u00a0Rural<\/span><span style=\"color: #000000; font-size: medium;\">\u00a0de Monte, Ignacio M\u00e1ntaras de\u00a0<\/span><span style=\"color: #000000; font-size: medium;\">la Sociedad<\/span><span style=\"color: #000000; font-size: medium;\">\u00a0Rural<\/span><span style=\"color: #000000; font-size: medium;\">\u00a0de Santa Fe, Eugenia Senosiain de\u00a0<\/span><span style=\"color: #000000; font-size: medium;\">la Sociedad<\/span><span style=\"color: #000000; font-size: medium;\">\u00a0Rural<\/span><span style=\"color: #000000; font-size: medium;\">\u00a0de Corrientes y Alfredo Figueroa de\u00a0<\/span><span style=\"color: #000000; font-size: medium;\">la Sociedad<\/span><span style=\"color: #000000; font-size: medium;\">\u00a0Rural<\/span><span style=\"color: #000000; font-size: medium;\">\u00a0Salte\u00f1a.<\/span><\/p>\n<p>&nbsp;<\/p>\n<p><span style=\"color: #000000; font-size: medium;\">Otro de los paneles de testimonios marc\u00f3 el eje de atenci\u00f3n en el trabajo social y en el esfuerzo de las organizaciones no gubernamentales. En esa l\u00ednea y bajo un panel titulado \u201cLiderazgos Sustentables\u201d disertaron Daniel C\u00f3rdoba, profesor de\u00a0<\/span><span style=\"color: #000000; font-size: medium;\">la Universidad<\/span><span style=\"color: #000000; font-size: medium;\">Nacional<\/span><span style=\"color: #000000; font-size: medium;\">\u00a0de Salta (UNSa), Jose\u00fa Escudero integrante de\u00a0<\/span><span style=\"color: #000000; font-size: medium;\">la Fundaci\u00f3n<\/span><span style=\"color: #000000; font-size: medium;\">\u00a0Nutrir<\/span><span style=\"color: #000000; font-size: medium;\">\u00a0Salta, Mariana Briones del Programa Porvenir, y Gabriela Orce y Juan Marcuzzi de la organizaci\u00f3n Dar Forma.<\/span><\/p>\n<p>&nbsp;<\/p>\n<p><span style=\"color: #000000; font-size: medium;\">Al momento de las charlas se destacaron las ponencias brindadas por el periodista Pablo Rossi sobre los gobiernos populistas, la de Luis Ulla sobre sustentabilidad y la de la presidente de Aapresid, Mar\u00eda Beatriz Giraudo sobre la juventud del campo.<\/span><\/p>\n<p>&nbsp;<\/p>\n<p><span style=\"color: #000000; font-size: medium;\">\u00a0<\/span><\/p>\n<p>&nbsp;<\/p>\n<p><b><span style=\"font-size: medium;\"><span style=\"color: #000000;\">Rapetti: \u201cDebemos ser\u00a0la Argentina<\/span><\/span><span style=\"color: #000000; font-size: medium;\">\u00a0de los alimentos para todo el mundo\u201d<\/span><\/b><\/p>\n<p>&nbsp;<\/p>\n<p><span style=\"color: #000000; font-size: medium;\">El cierre del encuentro estuvo a cargo del vicepresidente de Confederaciones Rurales Argentinas (CRA), Mart\u00edn Rapetti, quien dijo que \u201ces una gran satisfacci\u00f3n el \u00e9xito logrado. Este tipo de congresos sirve para impulsar la cultura del trabajo\u201d.<\/span><\/p>\n<p>&nbsp;<\/p>\n<p><span style=\"color: #000000; font-size: medium;\">En ese mismo sentido expres\u00f3 que \u201cme voy tranquilo porque pensamos en el ma\u00f1ana y en la renovaci\u00f3n y ac\u00e1 en el Congreso de CRA los j\u00f3venes presentes ya est\u00e1n capacitados para ocupar nuevos lugares\u201d.<\/span><\/p>\n<p>&nbsp;<\/p>\n<p><span style=\"font-size: medium;\"><span style=\"color: #000000;\">\u201cTengo confianza de que al pa\u00eds lo vamos a sacar entre todos. Debemos trabajar m\u00e1s, involucrarnos m\u00e1s. Somos protagonistas de nuestro futuro. Le pido a los j\u00f3venes que sean m\u00e1s audaces para volver a ser\u00a0la Argentina<\/span><\/span><span style=\"color: #000000; font-size: medium;\">\u00a0de los alimentos para todo el mundo\u201d, finaliz\u00f3 Rapetti.<\/span><\/p>\n<p>CRA<\/p>\n<\/div>\n","protected":false},"excerpt":{"rendered":"<p>Se llev\u00f3 a cabo este 11 y 12 de octubre con una participaci\u00f3n de 500 j\u00f3venes de todo el pa\u00eds.<\/p>\n","protected":false},"author":5,"featured_media":0,"comment_status":"open","ping_status":"open","sticky":false,"template":"","format":"standard","meta":[],"categories":[42],"tags":[1508],"_links":{"self":[{"href":"http:\/\/rurallascolonias.com.ar\/index.php?rest_route=\/wp\/v2\/posts\/4408"}],"collection":[{"href":"http:\/\/rurallascolonias.com.ar\/index.php?rest_route=\/wp\/v2\/posts"}],"about":[{"href":"http:\/\/rurallascolonias.com.ar\/index.php?rest_route=\/wp\/v2\/types\/post"}],"author":[{"embeddable":true,"href":"http:\/\/rurallascolonias.com.ar\/index.php?rest_route=\/wp\/v2\/users\/5"}],"replies":[{"embeddable":true,"href":"http:\/\/rurallascolonias.com.ar\/index.php?rest_route=%2Fwp%2Fv2%2Fcomments&post=4408"}],"version-history":[{"count":2,"href":"http:\/\/rurallascolonias.com.ar\/index.php?rest_route=\/wp\/v2\/posts\/4408\/revisions"}],"predecessor-version":[{"id":4412,"href":"http:\/\/rurallascolonias.com.ar\/index.php?rest_route=\/wp\/v2\/posts\/4408\/revisions\/4412"}],"wp:attachment":[{"href":"http:\/\/rurallascolonias.com.ar\/index.php?rest_route=%2Fwp%2Fv2%2Fmedia&parent=4408"}],"wp:term":[{"taxonomy":"category","embeddable":true,"href":"http:\/\/rurallascolonias.com.ar\/index.php?rest_route=%2Fwp%2Fv2%2Fcategories&post=4408"},{"taxonomy":"post_tag","embeddable":true,"href":"http:\/\/rurallascolonias.com.ar\/index.php?rest_route=%2Fwp%2Fv2%2Ftags&post=4408"}],"curies":[{"name":"wp","href":"https:\/\/api.w.org\/{rel}","templated":true}]}}