{"id":4377,"date":"2014-10-10T17:32:05","date_gmt":"2014-10-10T17:32:05","guid":{"rendered":"http:\/\/rurallascolonias.com.ar\/?p=4377"},"modified":"2014-10-10T17:32:05","modified_gmt":"2014-10-10T17:32:05","slug":"manana-comienza-el-congreso-de-jovenes-de-cra-en-salta","status":"publish","type":"post","link":"http:\/\/rurallascolonias.com.ar\/?p=4377","title":{"rendered":"Ma\u00f1ana comienza el Congreso de J\u00f3venes de CRA en Salta"},"content":{"rendered":"<p><a href=\"http:\/\/rurallascolonias.com.ar\/wp-content\/uploads\/2014\/10\/Congreso-CRA.png\"><img loading=\"lazy\" class=\"aligncenter size-full wp-image-4378\" src=\"http:\/\/rurallascolonias.com.ar\/wp-content\/uploads\/2014\/10\/Congreso-CRA.png\" alt=\"Congreso CRA\" width=\"406\" height=\"124\" srcset=\"http:\/\/rurallascolonias.com.ar\/wp-content\/uploads\/2014\/10\/Congreso-CRA.png 406w, http:\/\/rurallascolonias.com.ar\/wp-content\/uploads\/2014\/10\/Congreso-CRA-300x91.png 300w\" sizes=\"(max-width: 406px) 100vw, 406px\" \/><\/a>Este s\u00e1bado 11 y domingo 12 de octubre el Congreso anual y nacional de Ateneos CRA se llevar\u00e1 a cabo en la ciudad de Salta, organizado por el Ateneo de la Sociedad Rural Salte\u00f1a. <!--more--><\/p>\n<p align=\"justify\">Este s\u00e1bado 11 y domingo 12 de octubre el Congreso anual y nacional de\u00a0Ateneos CRA\u00a0se llevar\u00e1 a cabo en la ciudad de Salta, organizado por el Ateneo de\u00a0la Sociedad\u00a0Rural\u00a0Salte\u00f1a.<\/p>\n<p align=\"justify\">Durante la primera jornada se llevar\u00e1 a cabo un taller organizado por el ingeniero Luis Gonz\u00e1lez Venzano, que tendr\u00e1 como tema principal el rol de los l\u00edderes. \u00bfCu\u00e1l es el norte de los\u00a0Ateneos CRA? \u00bfCu\u00e1l es su funci\u00f3n? Ser\u00e1n algunas de las preguntas por responder, donde el rol de la formaci\u00f3n de l\u00edderes toma un papel fundamental.<\/p>\n<p align=\"justify\">Ya promediando la tarde Hugo Rossi del GAPU Agro y ex presidente de\u00a0la Sociedad\u00a0Rural\u00a0de Monte, Ignacio M\u00e1ntaras de\u00a0la Sociedad\u00a0Rural\u00a0de Santa Fe y CARSFE, Eugenia Senosiain de\u00a0la Sociedad\u00a0Rural\u00a0de Corrientes y Alfredo Figueroa integrante de\u00a0la Sociedad\u00a0Rural\u00a0Salte\u00f1a, brindar\u00e1n sus testimonios sobre la formaci\u00f3n dirigencial, el rol de la juventud y su importancia como integrantes de la agrodirigencia joven de nuestro pa\u00eds.<\/p>\n<p>A \u00faltima hora el periodista Pablo Rossi brindar\u00e1 su charla enfocada en el desarrollo c\u00edvico de\u00a0la Argentina.<\/p>\n<p align=\"justify\">Entre otras autoridades de Confederaciones Rurales Argentinas estar\u00e1n presentes de la apertura oficial el presidente de la entidad, Rub\u00e9n Ferrero y el vicepresidente Mart\u00edn Rapetti, entre otros, adem\u00e1s de las autoridades locales y provinciales.<\/p>\n","protected":false},"excerpt":{"rendered":"<p>Este s\u00e1bado 11 y domingo 12 de octubre el Congreso anual y nacional de Ateneos CRA se llevar\u00e1 a cabo en la ciudad de Salta, organizado por el Ateneo de la Sociedad Rural Salte\u00f1a.<\/p>\n","protected":false},"author":5,"featured_media":0,"comment_status":"open","ping_status":"open","sticky":false,"template":"","format":"standard","meta":[],"categories":[14],"tags":[773,30,1475],"_links":{"self":[{"href":"http:\/\/rurallascolonias.com.ar\/index.php?rest_route=\/wp\/v2\/posts\/4377"}],"collection":[{"href":"http:\/\/rurallascolonias.com.ar\/index.php?rest_route=\/wp\/v2\/posts"}],"about":[{"href":"http:\/\/rurallascolonias.com.ar\/index.php?rest_route=\/wp\/v2\/types\/post"}],"author":[{"embeddable":true,"href":"http:\/\/rurallascolonias.com.ar\/index.php?rest_route=\/wp\/v2\/users\/5"}],"replies":[{"embeddable":true,"href":"http:\/\/rurallascolonias.com.ar\/index.php?rest_route=%2Fwp%2Fv2%2Fcomments&post=4377"}],"version-history":[{"count":1,"href":"http:\/\/rurallascolonias.com.ar\/index.php?rest_route=\/wp\/v2\/posts\/4377\/revisions"}],"predecessor-version":[{"id":4379,"href":"http:\/\/rurallascolonias.com.ar\/index.php?rest_route=\/wp\/v2\/posts\/4377\/revisions\/4379"}],"wp:attachment":[{"href":"http:\/\/rurallascolonias.com.ar\/index.php?rest_route=%2Fwp%2Fv2%2Fmedia&parent=4377"}],"wp:term":[{"taxonomy":"category","embeddable":true,"href":"http:\/\/rurallascolonias.com.ar\/index.php?rest_route=%2Fwp%2Fv2%2Fcategories&post=4377"},{"taxonomy":"post_tag","embeddable":true,"href":"http:\/\/rurallascolonias.com.ar\/index.php?rest_route=%2Fwp%2Fv2%2Ftags&post=4377"}],"curies":[{"name":"wp","href":"https:\/\/api.w.org\/{rel}","templated":true}]}}