{"id":4332,"date":"2014-10-07T15:51:39","date_gmt":"2014-10-07T15:51:39","guid":{"rendered":"http:\/\/rurallascolonias.com.ar\/?p=4332"},"modified":"2014-10-07T15:51:39","modified_gmt":"2014-10-07T15:51:39","slug":"alerta-por-tormentas-en-el-centro-y-norte-del-pais","status":"publish","type":"post","link":"http:\/\/rurallascolonias.com.ar\/?p=4332","title":{"rendered":"Alerta por tormentas en el centro y norte del pa\u00eds"},"content":{"rendered":"<p><a href=\"http:\/\/rurallascolonias.com.ar\/wp-content\/uploads\/2014\/10\/mapa-tormenta.jpg\"><img loading=\"lazy\" class=\"aligncenter wp-image-4333 size-medium\" src=\"http:\/\/rurallascolonias.com.ar\/wp-content\/uploads\/2014\/10\/mapa-tormenta-300x133.jpg\" alt=\"mapa tormenta\" width=\"300\" height=\"133\" srcset=\"http:\/\/rurallascolonias.com.ar\/wp-content\/uploads\/2014\/10\/mapa-tormenta-300x133.jpg 300w, http:\/\/rurallascolonias.com.ar\/wp-content\/uploads\/2014\/10\/mapa-tormenta-600x266.jpg 600w, http:\/\/rurallascolonias.com.ar\/wp-content\/uploads\/2014\/10\/mapa-tormenta-624x276.jpg 624w, http:\/\/rurallascolonias.com.ar\/wp-content\/uploads\/2014\/10\/mapa-tormenta.jpg 631w\" sizes=\"(max-width: 300px) 100vw, 300px\" \/><\/a>Ocurr\u00edan entre la madrugada, ma\u00f1ana y la tarde del jueves en las provincias de Santa Fe, Entre R\u00edos, sur de Santiago del Estero, sur y centro de Corrientes, este de C\u00f3rdoba, norte y este de Buenos Aires.<!--more--><\/p>\n<p>La formaci\u00f3n de tormentas aisladas, algunas fuertes y\/o severas comprende a las provincias de Santa Fe, Entre R\u00edos, sur de Santiago del Estero, sur y centro de Corrientes, este de C\u00f3rdoba, norte y este de Buenos Aires (inclusive la ciudad de Buenos Aires) y todo Uruguay.<\/p>\n<p>As\u00ed lo indic\u00f3 el meteor\u00f3logo Mat\u00edas Bertolotti en su cuenta oficial de Facebook.<\/p>\n<p>\u00abPodr\u00edan ocurrir chaparrones y tormentas aisladas, algunas localmente fuertes o puntualmente severas, con fuertes lluvias en cortos per\u00edodos de tiempo, granizo peque\u00f1os y medianos y fuertes r\u00e1fagas de viento\u00bb, advirti\u00f3.<\/p>\n<p>\u00abLas tormentas mas generalizadas estar\u00edan afectando al centro y el norte de esta zona, y ser\u00edan capaces de producir ca\u00edda de granizo y fuertes r\u00e1fagas de viento\u00bb, alert\u00f3 Bertolotti.<\/p>\n<p>En tanto, \u00absobre el Sur de esta zona (norte de Buenos Aires y sur del Litoral) las tormentas ser\u00edan m\u00e1s aisladas, aunque sometidas a una m\u00e1s fuerte cortante vertical del viento, por lo que la moderada inestabilidad de la zona interactuando con esto podr\u00edan incrementar la probabilidad de ocurrencia de granizadas (abundantes y de tama\u00f1os medianos) en esas pocas tormentas severas aisladas\u00bb, concluy\u00f3<\/p>\n","protected":false},"excerpt":{"rendered":"<p>Ocurr\u00edan entre la madrugada, ma\u00f1ana y la tarde del jueves en las provincias de Santa Fe, Entre R\u00edos, sur de Santiago del Estero, sur y centro de Corrientes, este de C\u00f3rdoba, norte y este de Buenos Aires.<\/p>\n","protected":false},"author":5,"featured_media":0,"comment_status":"open","ping_status":"open","sticky":false,"template":"","format":"standard","meta":[],"categories":[40],"tags":[348],"_links":{"self":[{"href":"http:\/\/rurallascolonias.com.ar\/index.php?rest_route=\/wp\/v2\/posts\/4332"}],"collection":[{"href":"http:\/\/rurallascolonias.com.ar\/index.php?rest_route=\/wp\/v2\/posts"}],"about":[{"href":"http:\/\/rurallascolonias.com.ar\/index.php?rest_route=\/wp\/v2\/types\/post"}],"author":[{"embeddable":true,"href":"http:\/\/rurallascolonias.com.ar\/index.php?rest_route=\/wp\/v2\/users\/5"}],"replies":[{"embeddable":true,"href":"http:\/\/rurallascolonias.com.ar\/index.php?rest_route=%2Fwp%2Fv2%2Fcomments&post=4332"}],"version-history":[{"count":1,"href":"http:\/\/rurallascolonias.com.ar\/index.php?rest_route=\/wp\/v2\/posts\/4332\/revisions"}],"predecessor-version":[{"id":4334,"href":"http:\/\/rurallascolonias.com.ar\/index.php?rest_route=\/wp\/v2\/posts\/4332\/revisions\/4334"}],"wp:attachment":[{"href":"http:\/\/rurallascolonias.com.ar\/index.php?rest_route=%2Fwp%2Fv2%2Fmedia&parent=4332"}],"wp:term":[{"taxonomy":"category","embeddable":true,"href":"http:\/\/rurallascolonias.com.ar\/index.php?rest_route=%2Fwp%2Fv2%2Fcategories&post=4332"},{"taxonomy":"post_tag","embeddable":true,"href":"http:\/\/rurallascolonias.com.ar\/index.php?rest_route=%2Fwp%2Fv2%2Ftags&post=4332"}],"curies":[{"name":"wp","href":"https:\/\/api.w.org\/{rel}","templated":true}]}}