{"id":4323,"date":"2014-10-07T10:39:09","date_gmt":"2014-10-07T10:39:09","guid":{"rendered":"http:\/\/rurallascolonias.com.ar\/?p=4323"},"modified":"2014-10-07T10:39:09","modified_gmt":"2014-10-07T10:39:09","slug":"las-plantas-de-cargill-en-santa-fe-paralizadas-por-despidos-2","status":"publish","type":"post","link":"http:\/\/rurallascolonias.com.ar\/?p=4323","title":{"rendered":"Las plantas de Cargill en Santa Fe, paralizadas por despidos"},"content":{"rendered":"<p><a href=\"http:\/\/rurallascolonias.com.ar\/wp-content\/uploads\/2014\/10\/cargill-3.png\"><img loading=\"lazy\" class=\"aligncenter size-full wp-image-4324\" src=\"http:\/\/rurallascolonias.com.ar\/wp-content\/uploads\/2014\/10\/cargill-3.png\" alt=\"cargill 3\" width=\"259\" height=\"194\" \/><\/a>Los trabajadores de la empresa multinacional de la localidad santafesina de Alvear iniciaron este mi\u00e9rcoles un paro por tiempo indeterminado. La protesta es por el despido de 35 operarios contratados y por la reducci\u00f3n de la horas de trabajo, informaron fuentes gremiales. <!--more--><\/p>\n<p><span style=\"line-height: 1.6em; font-size: 17px;\">La medida de fuerza se inici\u00f3 a las 14, en el acceso de las plantas ubicadas en la ruta provincial 21 (ex nacional 9) de Alvear y de Villa Gobernador G\u00e1lvez, 10 kil\u00f3metros al sur de Rosario, y afecta a unos 400 trabajadores del complejo.<\/span><\/p>\n<p>Las mismas fuentes se\u00f1alaron tambi\u00e9n que la firma aceitera y de biodiesel inici\u00f3 recientemente un plan de recortes y suspensiones de turnos que consideraron injustificado.<\/p>\n<p>El movimiento diario en las terminales portuarias es de unos 1.000 camiones cerealeros, permiti\u00e9ndose la salida de los playones de los que ya hab\u00edan descargado la mercader\u00eda.<\/p>\n<p>El secretario General de la Federaci\u00f3n Aceitera, Daniel Yofra, se\u00f1al\u00f3 que \u00ablos despidos fueron notificados anoche (por la noche del martes) y ma\u00f1ana (por este jueves) se mantendr\u00e1 una reuni\u00f3n en la sede del Ministerio de Trabajo de la Naci\u00f3n en Capital Federal, para tratar de buscar una soluci\u00f3n al conflicto. No obstante la determinaci\u00f3n del paro es por tiempo indeterminado\u00bb.<\/p>\n","protected":false},"excerpt":{"rendered":"<p>Los trabajadores de la empresa multinacional de la localidad santafesina de Alvear iniciaron este mi\u00e9rcoles un paro por tiempo indeterminado. La protesta es por el despido de 35 operarios contratados y por la reducci\u00f3n de la horas de trabajo, informaron fuentes gremiales.<\/p>\n","protected":false},"author":5,"featured_media":0,"comment_status":"open","ping_status":"open","sticky":false,"template":"","format":"standard","meta":[],"categories":[1],"tags":[],"_links":{"self":[{"href":"http:\/\/rurallascolonias.com.ar\/index.php?rest_route=\/wp\/v2\/posts\/4323"}],"collection":[{"href":"http:\/\/rurallascolonias.com.ar\/index.php?rest_route=\/wp\/v2\/posts"}],"about":[{"href":"http:\/\/rurallascolonias.com.ar\/index.php?rest_route=\/wp\/v2\/types\/post"}],"author":[{"embeddable":true,"href":"http:\/\/rurallascolonias.com.ar\/index.php?rest_route=\/wp\/v2\/users\/5"}],"replies":[{"embeddable":true,"href":"http:\/\/rurallascolonias.com.ar\/index.php?rest_route=%2Fwp%2Fv2%2Fcomments&post=4323"}],"version-history":[{"count":1,"href":"http:\/\/rurallascolonias.com.ar\/index.php?rest_route=\/wp\/v2\/posts\/4323\/revisions"}],"predecessor-version":[{"id":4325,"href":"http:\/\/rurallascolonias.com.ar\/index.php?rest_route=\/wp\/v2\/posts\/4323\/revisions\/4325"}],"wp:attachment":[{"href":"http:\/\/rurallascolonias.com.ar\/index.php?rest_route=%2Fwp%2Fv2%2Fmedia&parent=4323"}],"wp:term":[{"taxonomy":"category","embeddable":true,"href":"http:\/\/rurallascolonias.com.ar\/index.php?rest_route=%2Fwp%2Fv2%2Fcategories&post=4323"},{"taxonomy":"post_tag","embeddable":true,"href":"http:\/\/rurallascolonias.com.ar\/index.php?rest_route=%2Fwp%2Fv2%2Ftags&post=4323"}],"curies":[{"name":"wp","href":"https:\/\/api.w.org\/{rel}","templated":true}]}}