{"id":4309,"date":"2014-10-06T18:03:44","date_gmt":"2014-10-06T18:03:44","guid":{"rendered":"http:\/\/rurallascolonias.com.ar\/?p=4309"},"modified":"2014-10-06T18:03:44","modified_gmt":"2014-10-06T18:03:44","slug":"los-jovenes-ateneistas-de-cra-ultiman-detalles-para-un-nuevo-congreso","status":"publish","type":"post","link":"http:\/\/rurallascolonias.com.ar\/?p=4309","title":{"rendered":"Los j\u00f3venes atene\u00edstas de CRA ultiman detalles para un nuevo Congreso"},"content":{"rendered":"<h2><a href=\"http:\/\/rurallascolonias.com.ar\/wp-content\/uploads\/2014\/10\/atene\u00edstas.jpg\"><img loading=\"lazy\" class=\"aligncenter wp-image-4310 size-medium\" src=\"http:\/\/rurallascolonias.com.ar\/wp-content\/uploads\/2014\/10\/atene\u00edstas-300x206.jpg\" alt=\"atene\u00edstas\" width=\"300\" height=\"206\" srcset=\"http:\/\/rurallascolonias.com.ar\/wp-content\/uploads\/2014\/10\/atene\u00edstas-300x206.jpg 300w, http:\/\/rurallascolonias.com.ar\/wp-content\/uploads\/2014\/10\/atene\u00edstas-600x413.jpg 600w, http:\/\/rurallascolonias.com.ar\/wp-content\/uploads\/2014\/10\/atene\u00edstas.jpg 608w\" sizes=\"(max-width: 300px) 100vw, 300px\" \/><\/a>El Ateneo de la Sociedad Rural salte\u00f1a ser\u00e1 el anfitri\u00f3n del evento, que se desarrollar\u00e1 el s\u00e1bado 11 y domingo 12 de octubre. Habr\u00e1 talleres y disertaciones con reconocidos especialistas.<\/h2>\n<p><!--more--><\/p>\n<p>A una semana del Congreso de Ateneos CRA las expectativas porque se concrete un gran encuentro de j\u00f3venes de todo el pa\u00eds est\u00e1n posicionadas en el debate, en el intercambio de ideas y fundamentalmente en la capacitaci\u00f3n, pensando siempre en un ma\u00f1ana mejor. La cita del encuentro de j\u00f3venes de CRA ser\u00e1 este s\u00e1bado 11 y domingo 12 de octubre, en la ciudad de Salta, organizado por el Ateneo de la Sociedad Rural Salte\u00f1a.<\/p>\n<p>Los organizadores esperan reunir a alrededor de 500 j\u00f3venes, quienes disfrutar\u00e1n de las ponencias de destacados disertantes nacionales y locales, como Daniel C\u00f3rdoba (UNSa), Jos\u00fae Escudero (Fundaci\u00f3n Nutrir Salta), Marina Briones (El Porvenir) y el periodista Pablo Rossi, entre muchos m\u00e1s.<\/p>\n<p>Las tem\u00e1ticas del encuentro de ateneos CRA ser\u00e1 de inter\u00e9s general como la sustentabilidad, la futura dirigencia rural, el compromiso de los j\u00f3venes, el liderazgo y la realidad pol\u00edtica y econ\u00f3mica actual.<\/p>\n<p>Entre las charlas de este a\u00f1o se destacan, entre otras:<\/p>\n<p>_ Charla \u00ab2015 \u00bfPopulismo o desarrollo c\u00edvico\u00bb\u00a0&#8211; Lic. Pablo Rossi (Periodista gr\u00e1fico y radial, gerente de Cadena 3 Argentina &#8211; Columnista en Hora Clave).<\/p>\n<p>_ Panel de Testimonios \u00abAgrodirigencia Joven\u00bb\u00a0Integrantes: Ignacio M\u00e1ntaras (Soc. Rural de Santa Fe- CARSFE) &#8211; Hugo Rossi (GAPU Agro &#8211; Ex Presidente de la Soc. Rural de Monte) &#8211; Eugenia Senosiain (Soc. Rural de Corrientes) &#8211; Alfredo Figueroa (Soc. Rural Salte\u00f1a).<\/p>\n<p>_ Panel de Testimonios \u00abLiderazgos sustentables\u00bb.\u00a0Daniel C\u00f3rdoba (UNSa) &#8211; Jos\u00fae Escudero (Fundaci\u00f3n Nutrir Salta)- Marina Briones (El Porvenir) &#8211; Gabriela Orce.<\/p>\n<p>_ Charla \u00ab\u00bfC\u00f3mo enfrentamos el desaf\u00edo de la Sustentabilidad? Nuevos horizontes para la gesti\u00f3n de empresas y organizaciones\u00bb\u00a0Lic. Luis Ulla (Fundador y Director Ejecutivo del Instituto Argentino de la Responsabilidad Social Empresaria).<\/p>\n<p>_ Charla de cierre:\u00a0Ing. Agr. Mar\u00eda Beatriz \u00abPilu\u00bb Giraudo (Ingeniera Agr\u00f3noma, presidente de AAPRESID, productora y consultora de Sistemas de Producci\u00f3n de Sustentable).<\/p>\n<p>_ Talleres:\u00a0a cargo del Ing. Luis Gonz\u00e1lez Venzano (CREA &#8211; Proyecto CREA L\u00edderes).<\/p>\n<p><a href=\"http:\/\/www.congresoateneoscra.com.ar\/programa.html\">Click ac\u00e1 para ver el programa completo<\/a><\/p>\n<p><strong>Fuente: Nuestro Agro<\/strong><\/p>\n","protected":false},"excerpt":{"rendered":"<p>El Ateneo de la Sociedad Rural salte\u00f1a ser\u00e1 el anfitri\u00f3n del evento, que se desarrollar\u00e1 el s\u00e1bado 11 y domingo 12 de octubre. Habr\u00e1 talleres y disertaciones con reconocidos especialistas.<\/p>\n","protected":false},"author":5,"featured_media":0,"comment_status":"open","ping_status":"open","sticky":false,"template":"","format":"standard","meta":[],"categories":[1482],"tags":[773,1483,1475],"_links":{"self":[{"href":"http:\/\/rurallascolonias.com.ar\/index.php?rest_route=\/wp\/v2\/posts\/4309"}],"collection":[{"href":"http:\/\/rurallascolonias.com.ar\/index.php?rest_route=\/wp\/v2\/posts"}],"about":[{"href":"http:\/\/rurallascolonias.com.ar\/index.php?rest_route=\/wp\/v2\/types\/post"}],"author":[{"embeddable":true,"href":"http:\/\/rurallascolonias.com.ar\/index.php?rest_route=\/wp\/v2\/users\/5"}],"replies":[{"embeddable":true,"href":"http:\/\/rurallascolonias.com.ar\/index.php?rest_route=%2Fwp%2Fv2%2Fcomments&post=4309"}],"version-history":[{"count":1,"href":"http:\/\/rurallascolonias.com.ar\/index.php?rest_route=\/wp\/v2\/posts\/4309\/revisions"}],"predecessor-version":[{"id":4311,"href":"http:\/\/rurallascolonias.com.ar\/index.php?rest_route=\/wp\/v2\/posts\/4309\/revisions\/4311"}],"wp:attachment":[{"href":"http:\/\/rurallascolonias.com.ar\/index.php?rest_route=%2Fwp%2Fv2%2Fmedia&parent=4309"}],"wp:term":[{"taxonomy":"category","embeddable":true,"href":"http:\/\/rurallascolonias.com.ar\/index.php?rest_route=%2Fwp%2Fv2%2Fcategories&post=4309"},{"taxonomy":"post_tag","embeddable":true,"href":"http:\/\/rurallascolonias.com.ar\/index.php?rest_route=%2Fwp%2Fv2%2Ftags&post=4309"}],"curies":[{"name":"wp","href":"https:\/\/api.w.org\/{rel}","templated":true}]}}