{"id":4302,"date":"2014-10-06T17:53:10","date_gmt":"2014-10-06T17:53:10","guid":{"rendered":"http:\/\/rurallascolonias.com.ar\/?p=4302"},"modified":"2014-10-06T17:53:10","modified_gmt":"2014-10-06T17:53:10","slug":"ferrero-en-san-luis-quiero-que-el-proximo-gobierno-trabaje-mas-por-los-hechos-que-por-el-relato","status":"publish","type":"post","link":"http:\/\/rurallascolonias.com.ar\/?p=4302","title":{"rendered":"Ferrero en San Luis: \u201cQuiero que el pr\u00f3ximo gobierno trabaje m\u00e1s por los hechos que por el relato\u201d"},"content":{"rendered":"<p><a href=\"http:\/\/rurallascolonias.com.ar\/wp-content\/uploads\/2014\/10\/argentina-agroindustrial.jpg\"><img loading=\"lazy\" class=\"aligncenter wp-image-4303 size-medium\" src=\"http:\/\/rurallascolonias.com.ar\/wp-content\/uploads\/2014\/10\/argentina-agroindustrial-300x169.jpg\" alt=\"argentina agroindustrial\" width=\"300\" height=\"169\" srcset=\"http:\/\/rurallascolonias.com.ar\/wp-content\/uploads\/2014\/10\/argentina-agroindustrial-300x169.jpg 300w, http:\/\/rurallascolonias.com.ar\/wp-content\/uploads\/2014\/10\/argentina-agroindustrial-600x339.jpg 600w, http:\/\/rurallascolonias.com.ar\/wp-content\/uploads\/2014\/10\/argentina-agroindustrial.jpg 615w\" sizes=\"(max-width: 300px) 100vw, 300px\" \/><\/a>El titular de CRA particip\u00f3 de Alimenta San Luis junto a otros referentes del sector agropecuario y de la pol\u00edtica.<!--more--><\/p>\n<p dir=\"ltr\">Como estaba previsto el presidente de Confederaciones Rurales Argentinas, Rub\u00e9n Ferrero, estuvo presente en la 2\u00aa edici\u00f3n de <a href=\"http:\/\/www.alimentasanluis.com\/\" target=\"_self\"><span style=\"text-decoration: underline;\"><span style=\"color: #0066cc;\">Alimenta San Luis<\/span><\/span><\/a>, la feria agroindustrial organizada por el Ministerio del Campo del gobierno de la provincia de San Luis en el Parque de las Naciones.<\/p>\n<p dir=\"ltr\">El titular de CRA comparti\u00f3 un espacio con otros referentes del sector agro industrial nacional de todo el pa\u00eds y legisladores, en un debate que se llev\u00f3 a cabo bajo la tem\u00e1tica\u00a0\u201cLa Argentina Agroindustrial Post 2015\u201d. Entre otros temas se debati\u00f3 sobre la expectativa por lo que suceder\u00e1 con la econom\u00eda argentina despu\u00e9s del cambio de gobierno, pensando adem\u00e1s en lo que puede llegar a venir para el sector agropecuario. M\u00e1s de 300 personas colmaron el Sal\u00f3n Blanco de Terrazas del Portezuelo para escuchar el debate de los referentes quienes coincidieron en mostrar un horizonte optimista para la agroindustria nacional luego de 2015.<\/p>\n<p dir=\"ltr\">Ferrero expres\u00f3 su preocupaci\u00f3n por \u00abc\u00f3mo vamos a llegar al 2015 y qu\u00e9 haremos para que no siga cayendo la producci\u00f3n agropecuaria nacional\u00bb.<\/p>\n<p dir=\"ltr\">Frente al p\u00fablico presente Ferrero destac\u00f3 que el gremialismo rural apuesta fuerte al di\u00e1logo con todos los sectores de cara a una nueva etapa en la Argentina, \u201cpor eso venimos manteniendo reuniones para alcanzar propuestas y compartir visiones de pa\u00eds con distintos espacios pol\u00edticos. La producci\u00f3n no es de derecha ni de izquierda\u00bb, dijo Ferrero.<\/p>\n<p dir=\"ltr\">\u201cTenemos un potencial de crecimiento que va del 40% al 70 % en algunas actividades. Pensamos en solicitarle a la pol\u00edtica la famosa plataforma pol\u00edtica para que se escriban las propuestas. Queremos que se firmen las propuestas del sector empresarial para generar pol\u00edticas de Estado con el compromiso de todos, para que quede claro porque rumbos vamos a ir\u201d, dijo el presidente de CRA.<\/p>\n<p dir=\"ltr\">\u201cEn nuestro pa\u00eds falta federalismo e institucionalidad, necesitamos di\u00e1logo y consensos. Desde las cuatro entidades de la Mesa de Enlace venimos dando el ejemplo de trabajar en conjunto, sin diferencias. Yo quiero que el pr\u00f3ximo gobierno trabaje m\u00e1s por los hechos que por el relato, quiero que se piense en hechos concretos y no solamente en las urnas\u201d, expres\u00f3.<\/p>\n<p dir=\"ltr\">Compartieron el debate con Ferrero, Adolfo Rodr\u00edguez Sa\u00e1, ex presidente y senador nacional por San Luis, Carlos Garetto, presidente de Coninagro; Daniel Pelegrina, vicepresidente de Sociedad Rural Argentina, un representante de la Federaci\u00f3n Agraria Argentina y el senador nacional por la provincia de San Juan, Roberto Basualdo.<\/p>\n<p dir=\"ltr\">CRA<\/p>\n","protected":false},"excerpt":{"rendered":"<p>El titular de CRA particip\u00f3 de Alimenta San Luis junto a otros referentes del sector agropecuario y de la pol\u00edtica.<\/p>\n","protected":false},"author":5,"featured_media":0,"comment_status":"open","ping_status":"open","sticky":false,"template":"","format":"standard","meta":[],"categories":[14],"tags":[373,1481],"_links":{"self":[{"href":"http:\/\/rurallascolonias.com.ar\/index.php?rest_route=\/wp\/v2\/posts\/4302"}],"collection":[{"href":"http:\/\/rurallascolonias.com.ar\/index.php?rest_route=\/wp\/v2\/posts"}],"about":[{"href":"http:\/\/rurallascolonias.com.ar\/index.php?rest_route=\/wp\/v2\/types\/post"}],"author":[{"embeddable":true,"href":"http:\/\/rurallascolonias.com.ar\/index.php?rest_route=\/wp\/v2\/users\/5"}],"replies":[{"embeddable":true,"href":"http:\/\/rurallascolonias.com.ar\/index.php?rest_route=%2Fwp%2Fv2%2Fcomments&post=4302"}],"version-history":[{"count":1,"href":"http:\/\/rurallascolonias.com.ar\/index.php?rest_route=\/wp\/v2\/posts\/4302\/revisions"}],"predecessor-version":[{"id":4304,"href":"http:\/\/rurallascolonias.com.ar\/index.php?rest_route=\/wp\/v2\/posts\/4302\/revisions\/4304"}],"wp:attachment":[{"href":"http:\/\/rurallascolonias.com.ar\/index.php?rest_route=%2Fwp%2Fv2%2Fmedia&parent=4302"}],"wp:term":[{"taxonomy":"category","embeddable":true,"href":"http:\/\/rurallascolonias.com.ar\/index.php?rest_route=%2Fwp%2Fv2%2Fcategories&post=4302"},{"taxonomy":"post_tag","embeddable":true,"href":"http:\/\/rurallascolonias.com.ar\/index.php?rest_route=%2Fwp%2Fv2%2Ftags&post=4302"}],"curies":[{"name":"wp","href":"https:\/\/api.w.org\/{rel}","templated":true}]}}