{"id":4290,"date":"2014-10-03T11:57:41","date_gmt":"2014-10-03T11:57:41","guid":{"rendered":"http:\/\/rurallascolonias.com.ar\/?p=4290"},"modified":"2014-10-03T11:57:41","modified_gmt":"2014-10-03T11:57:41","slug":"a-una-semana-del-congreso-de-ateneos-cra","status":"publish","type":"post","link":"http:\/\/rurallascolonias.com.ar\/?p=4290","title":{"rendered":"A una semana del Congreso de Ateneos CRA"},"content":{"rendered":"<p><span style=\"color: #333333;\"><a href=\"http:\/\/rurallascolonias.com.ar\/wp-content\/uploads\/2014\/10\/congreso.jpg\"><img loading=\"lazy\" class=\"aligncenter size-full wp-image-4291\" src=\"http:\/\/rurallascolonias.com.ar\/wp-content\/uploads\/2014\/10\/congreso.jpg\" alt=\"congreso\" width=\"615\" height=\"348\" srcset=\"http:\/\/rurallascolonias.com.ar\/wp-content\/uploads\/2014\/10\/congreso.jpg 615w, http:\/\/rurallascolonias.com.ar\/wp-content\/uploads\/2014\/10\/congreso-300x169.jpg 300w, http:\/\/rurallascolonias.com.ar\/wp-content\/uploads\/2014\/10\/congreso-600x339.jpg 600w\" sizes=\"(max-width: 615px) 100vw, 615px\" \/><\/a>A una semana del Congreso de Ateneos CRA las expectativas porque se concrete un gran encuentro de j\u00f3venes de todo el pa\u00eds est\u00e1n posicionadas en el debate, en el intercambio de ideas y fundamentalmente en la capacitaci\u00f3n, pensando siempre en un ma\u00f1ana mejor.<\/span><!--more--><\/p>\n<p style=\"color: #333333;\">A una semana del Congreso de Ateneos CRA las expectativas porque se concrete un gran encuentro de j\u00f3venes de todo el pa\u00eds est\u00e1n posicionadas en el debate, en el intercambio de ideas y fundamentalmente en la capacitaci\u00f3n, pensando siempre en un ma\u00f1ana mejor.<\/p>\n<p class=\"textocongreso\" style=\"color: #333333;\" align=\"justify\">La cita del encuentro de j\u00f3venes de CRA de este 2014 ser\u00e1 este s\u00e1bado 11 y domingo 12 de octubre en la ciudad de Salta organizado por el Ateneo de la Sociedad Rural Salte\u00f1a.<\/p>\n<p class=\"textocongreso\" style=\"color: #333333;\" align=\"justify\">Los organizadores esperan reunir a alrededor de 500 j\u00f3venes, quienes disfrutar\u00e1n de las ponencias de destacados disertantes nacionales y locales, como Daniel C\u00f3rdoba (UNSa), Jos\u00fae Escudero (Fundaci\u00f3n Nutrir Salta), Marina Briones (El Porvenir) y el periodista Pablo Rossi, entre muchos m\u00e1s.<\/p>\n<p class=\"textocongreso\" style=\"color: #333333;\" align=\"justify\">Las tem\u00e1ticas del encuentro de ateneos CRA ser\u00e1 de inter\u00e9s general como la sustentabilidad, la futura dirigencia rural, el compromiso de los j\u00f3venes, el liderazgo y la realidad pol\u00edtica y econ\u00f3mica actual.<\/p>\n<p class=\"textocongreso\" style=\"color: #333333;\" align=\"justify\"><b>Entre las charlas de este a\u00f1o se destacan, entre otras:<\/b><\/p>\n<ul style=\"color: #333333;\" type=\"disc\">\n<li>\n<div align=\"justify\"><b>Charla \u00ab2015 \u00bfPopulismo o desarrollo c\u00edvico\u00bb\u00a0<\/b>&#8211; Lic. Pablo Rossi (Periodista gr\u00e1fico y radial, gerente de Cadena 3 Argentina &#8211; Columnista en Hora Clave).<\/p>\n<\/div>\n<\/li>\n<li>\n<div align=\"justify\"><b>Panel de Testimonios \u00abAgrodirigencia Joven\u00bb<\/b>\u00a0Integrantes: Ignacio M\u00e1ntaras (Soc. Rural de Santa Fe- CARSFE) &#8211; Hugo Rossi (GAPU Agro &#8211; Ex Presidente de la Soc. Rural de Monte) &#8211; Eugenia Senosiain (Soc. Rural de Corrientes) &#8211; Alfredo Figueroa (Soc. Rural Salte\u00f1a).<\/p>\n<\/div>\n<\/li>\n<li>\n<div align=\"justify\"><b>Panel de Testimonios \u00abLiderazgos sustentables\u00bb.<\/b>\u00a0Daniel C\u00f3rdoba (UNSa) &#8211; Jos\u00fae Escudero (Fundaci\u00f3n Nutrir Salta)- Marina Briones (El Porvenir) &#8211; Gabriela Orce.<\/p>\n<\/div>\n<\/li>\n<li>\n<div align=\"justify\"><b>Charla \u00ab\u00bfC\u00f3mo enfrentamos el desaf\u00edo de\u00a0<\/b><b>la Sustentabilidad<\/b><b>? Nuevos horizontes para la gesti\u00f3n de empresas y organizaciones\u00bb<\/b>\u00a0Lic. Luis Ulla (Fundador y Director Ejecutivo del Instituto Argentino de la Responsabilidad Social Empresaria).<\/p>\n<\/div>\n<\/li>\n<li>\n<div align=\"justify\"><b>Charla de cierre:<\/b>\u00a0Ing. Agr. Mar\u00eda Beatriz \u00abPilu\u00bb Giraudo (Ingeniera Agr\u00f3noma, presidente de AAPRESID, productora y consultora de Sistemas de Producci\u00f3n de Sustentable).<\/p>\n<\/div>\n<\/li>\n<li>\n<div align=\"justify\"><b>Talleres:<\/b>\u00a0a cargo del Ing. Luis Gonz\u00e1lez Venzano (CREA &#8211; Proyecto CREA L\u00edderes).<\/div>\n<\/li>\n<\/ul>\n<p style=\"color: #333333;\" align=\"justify\">M\u00e1s informaci\u00f3n sobre la grilla completa del Congreso en:<\/p>\n<p style=\"color: #333333;\">CRA<\/p>\n","protected":false},"excerpt":{"rendered":"<p>A una semana del Congreso de Ateneos CRA las expectativas porque se concrete un gran encuentro de j\u00f3venes de todo el pa\u00eds est\u00e1n posicionadas en el debate, en el intercambio de ideas y fundamentalmente en la capacitaci\u00f3n, pensando siempre en un ma\u00f1ana mejor.<\/p>\n","protected":false},"author":5,"featured_media":0,"comment_status":"open","ping_status":"open","sticky":false,"template":"","format":"standard","meta":[],"categories":[42],"tags":[1476,773,30,1475],"_links":{"self":[{"href":"http:\/\/rurallascolonias.com.ar\/index.php?rest_route=\/wp\/v2\/posts\/4290"}],"collection":[{"href":"http:\/\/rurallascolonias.com.ar\/index.php?rest_route=\/wp\/v2\/posts"}],"about":[{"href":"http:\/\/rurallascolonias.com.ar\/index.php?rest_route=\/wp\/v2\/types\/post"}],"author":[{"embeddable":true,"href":"http:\/\/rurallascolonias.com.ar\/index.php?rest_route=\/wp\/v2\/users\/5"}],"replies":[{"embeddable":true,"href":"http:\/\/rurallascolonias.com.ar\/index.php?rest_route=%2Fwp%2Fv2%2Fcomments&post=4290"}],"version-history":[{"count":1,"href":"http:\/\/rurallascolonias.com.ar\/index.php?rest_route=\/wp\/v2\/posts\/4290\/revisions"}],"predecessor-version":[{"id":4292,"href":"http:\/\/rurallascolonias.com.ar\/index.php?rest_route=\/wp\/v2\/posts\/4290\/revisions\/4292"}],"wp:attachment":[{"href":"http:\/\/rurallascolonias.com.ar\/index.php?rest_route=%2Fwp%2Fv2%2Fmedia&parent=4290"}],"wp:term":[{"taxonomy":"category","embeddable":true,"href":"http:\/\/rurallascolonias.com.ar\/index.php?rest_route=%2Fwp%2Fv2%2Fcategories&post=4290"},{"taxonomy":"post_tag","embeddable":true,"href":"http:\/\/rurallascolonias.com.ar\/index.php?rest_route=%2Fwp%2Fv2%2Ftags&post=4290"}],"curies":[{"name":"wp","href":"https:\/\/api.w.org\/{rel}","templated":true}]}}