{"id":4287,"date":"2014-10-03T11:41:59","date_gmt":"2014-10-03T11:41:59","guid":{"rendered":"http:\/\/rurallascolonias.com.ar\/?p=4287"},"modified":"2014-10-03T11:41:59","modified_gmt":"2014-10-03T11:41:59","slug":"yerbateros-aumentaran-el-precio-pero-no-se-trasladara-a-las-gondolas","status":"publish","type":"post","link":"http:\/\/rurallascolonias.com.ar\/?p=4287","title":{"rendered":"Yerbateros aumentar\u00e1n el precio, pero no se trasladar\u00e1 a las g\u00f3ndolas"},"content":{"rendered":"<p><span style=\"color: #666666;\"><a href=\"http:\/\/rurallascolonias.com.ar\/wp-content\/uploads\/2014\/06\/yerba.jpg\"><img loading=\"lazy\" class=\"aligncenter size-full wp-image-2698\" src=\"http:\/\/rurallascolonias.com.ar\/wp-content\/uploads\/2014\/06\/yerba.jpg\" alt=\"yerba\" width=\"259\" height=\"194\" \/><\/a>Por mandato de Costa, y a las puertas del nuevo ciclo del plan Precios Cuidados, empresas y yerbateros est\u00e1n cerca de lograr un aumento quitando margen de ganancias a los supermercados. La gesti\u00f3n llega cuando se venci\u00f3 el plazo para que productores reciban un aumento por la materia prima que entregan a los molinos.<\/span><!--more--><\/p>\n<div class=\"content vsmcontent\" style=\"color: #222222;\">\n<p>El Gobierno pretende que la yerba no aumente, o tenga un movimiento m\u00ednimo de precio en las g\u00f3ndolas para la nueva etapa de Precios Cuidados, que arranca la pr\u00f3xima semana, inform\u00f3 hoy El Cronista Comercial.<\/p>\n<p>Con esa intenci\u00f3n, el secretario de Comercio, Augusto Costa, inst\u00f3 a empresas productoras y supermercados a acordar un nuevo mecanismo para la distribuci\u00f3n de los m\u00e1rgenes de ganancias dentro de la cadena, y evitar as\u00ed el traslado de los aumentos que reclaman productores y molinos a los precios finales del producto.<br \/>\nLas partes ahora pretenden llegar a un acuerdo antes del 15 de octubre, tras la gesti\u00f3n de la Secretar\u00eda de Comercio.Los productores yerbateros tienen dos recomposici\u00f3n de precios anuales, una en marzo y otra en septiembre. La \u00faltima vez, se cerr\u00f3 una suba del precio del orden de 20% para la hoja verde y la hoja \u2018canchada\u2019 (secada) que llev\u00f3 los precios a $ 3,60 y 13,30, por kilo, respectivamente. Sin embargo, el sector reconoce que hoy el producto ya se paga por encima de ese valor. El nuevo acuerdo busca oficializar esa situaci\u00f3n y recomponer precios por los pr\u00f3ximos seis meses. La suba reclamada ronda el 15%, seg\u00fan pudo saber El Cronista.<\/p>\n<p>La primera intenci\u00f3n de Comercio era sentar a los supermercados y empresas en una negociaci\u00f3n directa, aunque luego opt\u00f3 por mantenerse en el medio. Hoy, los supermercados esperan recibir de parte de la cartera que comanda Costa la propuesta del nuevo esquema de precios de la yerba, en cuya lectura estar\u00e1n atentos al dato de cu\u00e1nto margen perder\u00e1n.<\/p>\n<p>Fuentes de la industria yerbatera aseguraron que el canal comercial incrementa entre 20% y 50% el precio de la yerba a la salida de planta. Sin embargo, desde los supermercados aseguran que el margen sobre ventas es de entre el 10% y el 35% si se consideran los gastos del supermercado.<\/p>\n<p>\u00abAlgo vamos a dar\u00bb,reconoci\u00f3 a este diario una fuente del canal comercial, que todav\u00eda desconoc\u00eda la propuesta oficial que llegar\u00e1 de Comercio Interior.\u00a0Las fuentes consultadas esperaban ser convocados a una reuni\u00f3n para los primeros d\u00edas de la semana que viene para negociar el trato.<\/p>\n<p>Reci\u00e9n despu\u00e9s de saber cu\u00e1l ser\u00e1 la redistribuci\u00f3n de los valores y el nuevo precio para los molinos, el Instituto Nacional de la Yerba Mate (INYM) podr\u00e1 resolver la situaci\u00f3n de los productores yerbateros. En esa instituci\u00f3n se sientan representantes de las empresas, de la producci\u00f3n y de los gobiernos de las provincias productoras para cerrar el valor de la materia prima.<\/p>\n<p>Cuando no hay acuerdo, habitualmente se espera la mediaci\u00f3n del Ministerio de Agricultura, aunque la cartera que comanda Carlos Casamiquela qued\u00f3 corrida de escena en las \u00faltimas negociaciones, aunque nunca ocup\u00f3 una posici\u00f3n tan secundaria como ahora.<\/p>\n<p>Con la intervenci\u00f3n de Comercio, el sector yerbatero parece no querer repetir el mal momento que en 2012 dej\u00f3 a las empresas en el entrecejo de la Presidenta y del entonces Secretario de Comercio, Guillermo Moreno cuando tras un laudo del Ministerio de Agricultura que habilit\u00f3 una fuerte suba el intento de las empresas por trasladar el incremento result\u00f3 en quejas de los consumidores por aumentos y desabastecimiento.<\/p>\n<p>La Presidenta amenaz\u00f3, entonces, con aplicar al sector la Ley de Abastecimiento.<br \/>\nAl mismo tiempo, con una inflaci\u00f3n que para el Indec super\u00f3 rond\u00f3 el 18% en los \u00faltimos 12 meses, contra estimaciones privadas que dan cuenta del 40% de suba, los productores y empresas no quieren quedar afuera. En ese contexto, el Gobierno planea anunciar la nueva etapa del programa de Precios Cuidados que pr\u00f3ximo martes.<\/p>\n<p>Fuente: Edici\u00f3n Rural<\/p>\n<\/div>\n","protected":false},"excerpt":{"rendered":"<p>Por mandato de Costa, y a las puertas del nuevo ciclo del plan Precios Cuidados, empresas y yerbateros est\u00e1n cerca de lograr un aumento quitando margen de ganancias a los supermercados. La gesti\u00f3n llega cuando se venci\u00f3 el plazo para que productores reciban un aumento por la materia prima que entregan a los molinos.<\/p>\n","protected":false},"author":5,"featured_media":0,"comment_status":"open","ping_status":"open","sticky":false,"template":"","format":"standard","meta":[],"categories":[42],"tags":[1473,1474,289],"_links":{"self":[{"href":"http:\/\/rurallascolonias.com.ar\/index.php?rest_route=\/wp\/v2\/posts\/4287"}],"collection":[{"href":"http:\/\/rurallascolonias.com.ar\/index.php?rest_route=\/wp\/v2\/posts"}],"about":[{"href":"http:\/\/rurallascolonias.com.ar\/index.php?rest_route=\/wp\/v2\/types\/post"}],"author":[{"embeddable":true,"href":"http:\/\/rurallascolonias.com.ar\/index.php?rest_route=\/wp\/v2\/users\/5"}],"replies":[{"embeddable":true,"href":"http:\/\/rurallascolonias.com.ar\/index.php?rest_route=%2Fwp%2Fv2%2Fcomments&post=4287"}],"version-history":[{"count":1,"href":"http:\/\/rurallascolonias.com.ar\/index.php?rest_route=\/wp\/v2\/posts\/4287\/revisions"}],"predecessor-version":[{"id":4288,"href":"http:\/\/rurallascolonias.com.ar\/index.php?rest_route=\/wp\/v2\/posts\/4287\/revisions\/4288"}],"wp:attachment":[{"href":"http:\/\/rurallascolonias.com.ar\/index.php?rest_route=%2Fwp%2Fv2%2Fmedia&parent=4287"}],"wp:term":[{"taxonomy":"category","embeddable":true,"href":"http:\/\/rurallascolonias.com.ar\/index.php?rest_route=%2Fwp%2Fv2%2Fcategories&post=4287"},{"taxonomy":"post_tag","embeddable":true,"href":"http:\/\/rurallascolonias.com.ar\/index.php?rest_route=%2Fwp%2Fv2%2Ftags&post=4287"}],"curies":[{"name":"wp","href":"https:\/\/api.w.org\/{rel}","templated":true}]}}