{"id":4237,"date":"2014-09-30T16:05:11","date_gmt":"2014-09-30T16:05:11","guid":{"rendered":"http:\/\/rurallascolonias.com.ar\/?p=4237"},"modified":"2014-09-30T16:05:38","modified_gmt":"2014-09-30T16:05:38","slug":"el-malestar-va-a-desencadenar-en-una-gran-protestar-agraria","status":"publish","type":"post","link":"http:\/\/rurallascolonias.com.ar\/?p=4237","title":{"rendered":"\u00abEl malestar va a desencadenar en una gran protesta agraria\u00bb"},"content":{"rendered":"<div class=\"description\"><a href=\"http:\/\/rurallascolonias.com.ar\/wp-content\/uploads\/2014\/09\/FERRERO.jpg\"><img loading=\"lazy\" class=\"alignleft size-full wp-image-3906\" src=\"http:\/\/rurallascolonias.com.ar\/wp-content\/uploads\/2014\/09\/FERRERO.jpg\" alt=\"FERRERO\" width=\"300\" height=\"168\" \/><\/a>El titular de Confederaciones Rurales Argentinas paso por el Congreso de Economia Provincial que organiza la Fundaci\u00f3n Libertad.<\/div>\n<p><!--more--><\/p>\n<div class=\"authorinfo\"><\/div>\n<div class=\"vsmcontent\">\n<p align=\"justify\">El <strong>presidente de Confederaciones Rurales Argentinas, Rub\u00e9n Ferrero<\/strong>, particip\u00f3 del X Encuentro de Econom\u00eda Provincial organizado por\u00a0la Fundaci\u00f3n\u00a0Libertad\u00a0en\u00a0la Bolsa\u00a0de Comercio de Rosario.<\/p>\n<p align=\"justify\">En el marco del encuentro <strong>Ferrero<\/strong> manifest\u00f3 que \u201cel Gobierno se ha encargado en destruir todas las expectativas de crecimiento en el sector agropecuario. El malestar de parte de todos los productores agropecuarios es l\u00f3gico y va a desencadenar en una gran protestar agraria de no haber un cambio de rumbo urgente\u201d.<\/p>\n<p align=\"justify\">En ese mismo sentido el <strong>titular de CRA<\/strong> dijo que\u00a0la Ley\u00a0de Abastecimiento termina por destruir todo tipo de expectativas de inversi\u00f3n empresarial. \u201cAdem\u00e1s, como le he dicho en reiteradas oportunidades, es inconstitucional porque\u00a0la Constituci\u00f3n Argentina\u00a0es bien clara en sus referencias a la libertad de ejercicio de toda industria l\u00edcita y manifiesta que la libertad de comercio es la base de la libertad de trabajo\u201d.<\/p>\n<p align=\"justify\">En referencia a\u00a0la Ley<strong>\u00a0Ferrero<\/strong>\u00a0dijo que \u201cel Gobierno podr\u00e1 intervenir en los mercados a discreci\u00f3n, va a fijar precios m\u00e1ximos y m\u00ednimos, entre otros grandes problemas como\u00a0facultar a un funcionario de turno y gobernadores a intervenir empresas, decomisar productos, \u00a0actuar sin una orden judicial, o sacar mercader\u00eda. Esta Ley es il\u00f3gica e irracional\u201d.<\/p>\n<p align=\"justify\">Proyectando hacia el nuevo gobierno en el 2015 <strong>Rub\u00e9n Ferrero<\/strong> dijo que como \u201cejes de corto y mediano plazo\u00a0deber\u00e1 apostar a la\u00a0libertad de comercio y brindar seguridad jur\u00eddica, adem\u00e1s de, apuntar\u00a0a la\u00a0apertura comercial con un r\u00e9gimen transparente de comercio exterior previsible. A la par que deber\u00e1 buscar la confianza aplicando una fuerte reducci\u00f3n de la presi\u00f3n impositiva\u201d.<\/p>\n<p align=\"justify\"><strong>Ferrero <\/strong>comparti\u00f3 dentro del Congreso el panel titulado \u00abPol\u00edticas productivas y agropecuarias\u00bb junto a otros referentes del sector agropecuario como Luis Miguel Etchevehere, presidente de\u00a0la Sociedad Rural\u00a0Argentina,\u00a0Mar\u00eda Beatriz Giraudo, presidenta de Aapresid y Luis Bameule, presidente de Agritur San Luis S.A.<\/p>\n<p align=\"justify\">Finalizando su ponencia <strong>Ferrero<\/strong> expuso parte del discurso brindando por el presidente de\u00a0la Rep\u00fablica\u00a0Oriental\u00a0del Uruguay, Jos\u00e9 \u201cPepe\u201d Mujica, en la pasado exposici\u00f3n rural conocida como \u201cExpo Prado\u201d desarrollada en Montevideo.<\/p>\n<p align=\"justify\">\u201cComo dice Mujica su pa\u00eds, al igual que el nuestro, tiene una onda dependencia en la capacidad de exportar y la aguja de la econom\u00eda la marcan todas las ramas de la agricultura empresarial. Hay que tener orgullo de ser productor de alimentos y la industrializaci\u00f3n del pa\u00eds va en v\u00edas de profundizar y desarrollar el campo, dijo Mujica. Lo importante es que cualquier gobierno, sea de izquierda o de derecha, debe tener en cuenta que para que un pa\u00eds como\u00a0la Argentina\u00a0crezca econ\u00f3mica y socialmente debe apoyar al sector productivo, y nunca ningunearlo y darle la espalda como lo hace el nuestro\u201d, expres\u00f3 <strong>Ferrero.<\/strong><\/p>\n<p align=\"justify\">Fuente: <a title=\"ON24 Agro\" href=\"http:\/\/www.on24.com.ar\/\"><span style=\"color: #0066cc;\">ON24 Agro<\/span><\/a><\/p>\n<p align=\"justify\">\n<\/div>\n","protected":false},"excerpt":{"rendered":"<p>El titular de Confederaciones Rurales Argentinas paso por el Congreso de Economia Provincial que organiza la Fundaci\u00f3n Libertad.<\/p>\n","protected":false},"author":5,"featured_media":0,"comment_status":"open","ping_status":"open","sticky":false,"template":"","format":"standard","meta":[],"categories":[42],"tags":[1459,1460],"_links":{"self":[{"href":"http:\/\/rurallascolonias.com.ar\/index.php?rest_route=\/wp\/v2\/posts\/4237"}],"collection":[{"href":"http:\/\/rurallascolonias.com.ar\/index.php?rest_route=\/wp\/v2\/posts"}],"about":[{"href":"http:\/\/rurallascolonias.com.ar\/index.php?rest_route=\/wp\/v2\/types\/post"}],"author":[{"embeddable":true,"href":"http:\/\/rurallascolonias.com.ar\/index.php?rest_route=\/wp\/v2\/users\/5"}],"replies":[{"embeddable":true,"href":"http:\/\/rurallascolonias.com.ar\/index.php?rest_route=%2Fwp%2Fv2%2Fcomments&post=4237"}],"version-history":[{"count":2,"href":"http:\/\/rurallascolonias.com.ar\/index.php?rest_route=\/wp\/v2\/posts\/4237\/revisions"}],"predecessor-version":[{"id":4239,"href":"http:\/\/rurallascolonias.com.ar\/index.php?rest_route=\/wp\/v2\/posts\/4237\/revisions\/4239"}],"wp:attachment":[{"href":"http:\/\/rurallascolonias.com.ar\/index.php?rest_route=%2Fwp%2Fv2%2Fmedia&parent=4237"}],"wp:term":[{"taxonomy":"category","embeddable":true,"href":"http:\/\/rurallascolonias.com.ar\/index.php?rest_route=%2Fwp%2Fv2%2Fcategories&post=4237"},{"taxonomy":"post_tag","embeddable":true,"href":"http:\/\/rurallascolonias.com.ar\/index.php?rest_route=%2Fwp%2Fv2%2Ftags&post=4237"}],"curies":[{"name":"wp","href":"https:\/\/api.w.org\/{rel}","templated":true}]}}