{"id":4196,"date":"2014-09-26T17:21:21","date_gmt":"2014-09-26T17:21:21","guid":{"rendered":"http:\/\/rurallascolonias.com.ar\/?p=4196"},"modified":"2014-09-26T17:21:21","modified_gmt":"2014-09-26T17:21:21","slug":"el-trigo-de-la-zona-nucleo-se-encuentra-amenazado-por-roya","status":"publish","type":"post","link":"http:\/\/rurallascolonias.com.ar\/?p=4196","title":{"rendered":"El trigo de la zona n\u00facleo se encuentra amenazado por roya"},"content":{"rendered":"<h2><a href=\"http:\/\/rurallascolonias.com.ar\/wp-content\/uploads\/2014\/09\/roya.png\"><img loading=\"lazy\" class=\"aligncenter size-full wp-image-4197\" src=\"http:\/\/rurallascolonias.com.ar\/wp-content\/uploads\/2014\/09\/roya.png\" alt=\"roya\" width=\"240\" height=\"160\" \/><\/a>La presi\u00f3n del in\u00f3culo est\u00e1 aumentando junto a otras enfermedades como mancha amarilla con la continuidad del tiempo h\u00famedo.<\/h2>\n<p><!--more--><\/p>\n<p>La semana se present\u00f3 con precipitaciones dispares.\u00a0Los mayores acumulados de lluvia se observaron sobre el norte de Buenos Aires y en la provincia de Santa Fe con un promedio entre los 10 y 15 mm. La zona de C\u00f3rdoba sigue rezagada con las lluvias. S\u00f3lo recibi\u00f3 entre 1 y 5 mm. Con las precipitaciones se incrementaron los controles de enfermedades en los lotes de trigo. Las fumigadoras est\u00e1n en acci\u00f3n con los tratamientos para roya anaranjada y mancha amarilla.<\/p>\n<p>En algunas localidades tambi\u00e9n se observa una leve presencia de virosis y bacteriosis. Tambi\u00e9n los lotes de cebada se est\u00e1n controlando por enfermedad de mancha en red. Tambi\u00e9n se enciende la alerta por la aparici\u00f3n dechinches de los cuernos y pulgones. \u201cCada d\u00eda la valla de los costos a saltar es m\u00e1s alta\u201d grafica bien un productor ante los nuevos controles que se vienen para proteger el cultivo. El trigo se encuentra en un 50% en enca\u00f1az\u00f3n, pero los estadios van desde pleno macollaje a espigaz\u00f3n.<\/p>\n<p>Si bien la condici\u00f3n se reparte en buena y muy buena, aument\u00f3 la calificaci\u00f3n de lotes en regular estado. Se empieza a revelar de a poco el efecto los cambios bruscos de temperatura de este invierno. Muerte de macollos por heladas y bajas tasas de macollaje por la falta de fr\u00edo podr\u00edan haber afectado el potencial del cultivo en la regi\u00f3n.<\/p>\n<p><strong>Fuente: Nuestro Agro<\/strong><\/p>\n","protected":false},"excerpt":{"rendered":"<p>La presi\u00f3n del in\u00f3culo est\u00e1 aumentando junto a otras enfermedades como mancha amarilla con la continuidad del tiempo h\u00famedo.<\/p>\n","protected":false},"author":5,"featured_media":0,"comment_status":"open","ping_status":"open","sticky":false,"template":"","format":"standard","meta":[],"categories":[18],"tags":[1449,27,1448],"_links":{"self":[{"href":"http:\/\/rurallascolonias.com.ar\/index.php?rest_route=\/wp\/v2\/posts\/4196"}],"collection":[{"href":"http:\/\/rurallascolonias.com.ar\/index.php?rest_route=\/wp\/v2\/posts"}],"about":[{"href":"http:\/\/rurallascolonias.com.ar\/index.php?rest_route=\/wp\/v2\/types\/post"}],"author":[{"embeddable":true,"href":"http:\/\/rurallascolonias.com.ar\/index.php?rest_route=\/wp\/v2\/users\/5"}],"replies":[{"embeddable":true,"href":"http:\/\/rurallascolonias.com.ar\/index.php?rest_route=%2Fwp%2Fv2%2Fcomments&post=4196"}],"version-history":[{"count":1,"href":"http:\/\/rurallascolonias.com.ar\/index.php?rest_route=\/wp\/v2\/posts\/4196\/revisions"}],"predecessor-version":[{"id":4198,"href":"http:\/\/rurallascolonias.com.ar\/index.php?rest_route=\/wp\/v2\/posts\/4196\/revisions\/4198"}],"wp:attachment":[{"href":"http:\/\/rurallascolonias.com.ar\/index.php?rest_route=%2Fwp%2Fv2%2Fmedia&parent=4196"}],"wp:term":[{"taxonomy":"category","embeddable":true,"href":"http:\/\/rurallascolonias.com.ar\/index.php?rest_route=%2Fwp%2Fv2%2Fcategories&post=4196"},{"taxonomy":"post_tag","embeddable":true,"href":"http:\/\/rurallascolonias.com.ar\/index.php?rest_route=%2Fwp%2Fv2%2Ftags&post=4196"}],"curies":[{"name":"wp","href":"https:\/\/api.w.org\/{rel}","templated":true}]}}