{"id":414,"date":"2013-12-10T16:32:32","date_gmt":"2013-12-10T16:32:32","guid":{"rendered":"http:\/\/rurallascolonias.com.ar\/?p=414"},"modified":"2013-12-10T16:32:32","modified_gmt":"2013-12-10T16:32:32","slug":"los-precios-internacionales-de-los-lacteos-se-podrian-mantener-fuertes-hasta-marzo-de-2014","status":"publish","type":"post","link":"http:\/\/rurallascolonias.com.ar\/?p=414","title":{"rendered":"LOS PRECIOS INTERNACIONALES DE LOS L\u00c1CTEOS SE PODR\u00cdAN MANTENER FUERTES HASTA MARZO DE 2014"},"content":{"rendered":"<p><a href=\"http:\/\/rurallascolonias.com.ar\/wp-content\/uploads\/2013\/12\/precios-l\u00e1cteos.jpg\"><img loading=\"lazy\" class=\"aligncenter size-full wp-image-415\" alt=\"precios l\u00e1cteos\" src=\"http:\/\/rurallascolonias.com.ar\/wp-content\/uploads\/2013\/12\/precios-l\u00e1cteos.jpg\" width=\"240\" height=\"200\" \/><\/a>Los precios de los productos l\u00e1cteos en la UE han descendido en octubre, lo que unido a una favorable tasa de cambio del euro frente al d\u00f3lar ha favorecido que muchos operadores internacionales se hayan interesado por el mercado comunitario, especialmente por el de la leche en polvo, de acuerdo con las estimaciones de la LTO. <!--more-->Sin embargo, el aumento de la producci\u00f3n de leche en la mayor parte de los pa\u00edses productores puede amenazar esta situaci\u00f3n de precios y hacer m\u00e1s vulnerable el mercado. Concretamente en la UE-28, las entregas de leche ha aumentado en un 3,1 y 3,3% en agosto y septiembre, respectivamente y la tendencia se prev\u00e9 que se mantenga.<\/p>\n<p>De todas formas, todav\u00eda est\u00e1 por ver que la presi\u00f3n del mercado haga bajar los precios de los l\u00e1cteos, ya que la estaci\u00f3n pico del hemisferio sur est\u00e1 concluyendo con una producci\u00f3n inferior a la demanda.<\/p>\n<p>En las \u00faltimas semanas ha habido una gran actividad de compras, ante el temor de que pudieran subir los precios, lo que se ha hecho que \u00e9stos se mantuvieran firmes. La demanda global se mantiene fuerte.<\/p>\n<p>No obstante, la LTO estima que los precios de los productos l\u00e1cteos podr\u00eda ir a la baja, pero no antes de la llegada de la estaci\u00f3n de producci\u00f3n pico en el hemisferio norte, es decir, no antes de final del primer trimestre de 2014.<\/p>\n<p>Fuente: agrodigital.com<\/p>\n","protected":false},"excerpt":{"rendered":"<p>Los precios de los productos l\u00e1cteos en la UE han descendido en octubre, lo que unido a una favorable tasa de cambio del euro frente al d\u00f3lar ha favorecido que muchos operadores internacionales se hayan interesado por el mercado comunitario, especialmente por el de la leche en polvo, de acuerdo con las estimaciones de la [&hellip;]<\/p>\n","protected":false},"author":5,"featured_media":0,"comment_status":"closed","ping_status":"closed","sticky":false,"template":"","format":"standard","meta":[],"categories":[46],"tags":[9,106],"_links":{"self":[{"href":"http:\/\/rurallascolonias.com.ar\/index.php?rest_route=\/wp\/v2\/posts\/414"}],"collection":[{"href":"http:\/\/rurallascolonias.com.ar\/index.php?rest_route=\/wp\/v2\/posts"}],"about":[{"href":"http:\/\/rurallascolonias.com.ar\/index.php?rest_route=\/wp\/v2\/types\/post"}],"author":[{"embeddable":true,"href":"http:\/\/rurallascolonias.com.ar\/index.php?rest_route=\/wp\/v2\/users\/5"}],"replies":[{"embeddable":true,"href":"http:\/\/rurallascolonias.com.ar\/index.php?rest_route=%2Fwp%2Fv2%2Fcomments&post=414"}],"version-history":[{"count":1,"href":"http:\/\/rurallascolonias.com.ar\/index.php?rest_route=\/wp\/v2\/posts\/414\/revisions"}],"predecessor-version":[{"id":416,"href":"http:\/\/rurallascolonias.com.ar\/index.php?rest_route=\/wp\/v2\/posts\/414\/revisions\/416"}],"wp:attachment":[{"href":"http:\/\/rurallascolonias.com.ar\/index.php?rest_route=%2Fwp%2Fv2%2Fmedia&parent=414"}],"wp:term":[{"taxonomy":"category","embeddable":true,"href":"http:\/\/rurallascolonias.com.ar\/index.php?rest_route=%2Fwp%2Fv2%2Fcategories&post=414"},{"taxonomy":"post_tag","embeddable":true,"href":"http:\/\/rurallascolonias.com.ar\/index.php?rest_route=%2Fwp%2Fv2%2Ftags&post=414"}],"curies":[{"name":"wp","href":"https:\/\/api.w.org\/{rel}","templated":true}]}}