{"id":4123,"date":"2014-09-23T16:38:13","date_gmt":"2014-09-23T16:38:13","guid":{"rendered":"http:\/\/rurallascolonias.com.ar\/?p=4123"},"modified":"2014-09-23T16:38:13","modified_gmt":"2014-09-23T16:38:13","slug":"debutaron-las-exportaciones-de-naranjas-argentinas-a-chile","status":"publish","type":"post","link":"http:\/\/rurallascolonias.com.ar\/?p=4123","title":{"rendered":"Debutaron las exportaciones de naranjas argentinas a Chile"},"content":{"rendered":"<div class=\"description\"><a href=\"http:\/\/rurallascolonias.com.ar\/wp-content\/uploads\/2014\/09\/naranjas.png\"><img loading=\"lazy\" class=\"aligncenter size-full wp-image-4124\" src=\"http:\/\/rurallascolonias.com.ar\/wp-content\/uploads\/2014\/09\/naranjas.png\" alt=\"naranjas\" width=\"304\" height=\"166\" srcset=\"http:\/\/rurallascolonias.com.ar\/wp-content\/uploads\/2014\/09\/naranjas.png 304w, http:\/\/rurallascolonias.com.ar\/wp-content\/uploads\/2014\/09\/naranjas-300x163.png 300w\" sizes=\"(max-width: 304px) 100vw, 304px\" \/><\/a>El primer embarque de fruta argentina de Jujuy con fr\u00edo en origen toc\u00f3 suelo chileno luego de tres a\u00f1os de negociaciones.<\/div>\n<p><!--more--><\/p>\n<div class=\"authorinfo\"><\/div>\n<div class=\"vsmcontent\">\n<p align=\"justify\">Se concret\u00f3 la primera exportaci\u00f3n de naranjas argentinas a la Rep\u00fablica de Chile, a trav\u00e9s del Paso Internacional Cristo Redentor, culminando un acuerdo alcanzado entre los servicios Nacional de Sanidad y Calidad Agroalimentaria (Senasa) y Agr\u00edcola y Ganadero (SAG) que incluy\u00f3 tres a\u00f1os de negociaciones, seg\u00fan public\u00f3 El Enfiteuta.<\/p>\n<p align=\"justify\">Se trata de fruta producida en Jujuy, con destino final Santiago, la capital chilena, que recibi\u00f3 tratamiento de fr\u00edo en origen, de acuerdo a los requerimientos fitosanitarios de importaci\u00f3n acordados entre ambos pa\u00edses. Cabe destacar que es la primera vez que Argentina exporta c\u00edtricos bajo esta modalidad, inform\u00f3 el organismo sanitario que conduce Diana Guill\u00e9n.<\/p>\n<p align=\"justify\">El acuerdo fue sellado mediante una auditor\u00eda realizada entre los d\u00edas 22 y 27 de junio pasado, en la cual el SAG evalu\u00f3 los lugares de producci\u00f3n, los galpones de empaque y las habilitaciones de los centros de tratamiento de origen. Con el fin de continuar con la ampliaci\u00f3n del mercado chileno a las frutas argentinas, el Senasa se encuentra negociando con el SAG el ingreso del lim\u00f3n argentino al vecino pa\u00eds. Durante el primer semestre del a\u00f1o, el Senasa certific\u00f3 la exportaci\u00f3n de m\u00e1s de 29 mil toneladas de naranjas a distintos mercados como Holanda, Paraguay , Espa\u00f1a e Italia, entre otros.<\/p>\n<p align=\"justify\">Fuente: <a title=\"Edici\u00f3n Rural\" href=\"http:\/\/www.edicionrural.com\/\"><span style=\"color: #0066cc;\">Edici\u00f3n Rural<\/span><\/a><\/p>\n<p align=\"justify\">\n<p align=\"justify\">\n<p align=\"justify\">\n<\/div>\n","protected":false},"excerpt":{"rendered":"<p>El primer embarque de fruta argentina de Jujuy con fr\u00edo en origen toc\u00f3 suelo chileno luego de tres a\u00f1os de negociaciones.<\/p>\n","protected":false},"author":5,"featured_media":0,"comment_status":"open","ping_status":"open","sticky":false,"template":"","format":"standard","meta":[],"categories":[14],"tags":[953,51,1426],"_links":{"self":[{"href":"http:\/\/rurallascolonias.com.ar\/index.php?rest_route=\/wp\/v2\/posts\/4123"}],"collection":[{"href":"http:\/\/rurallascolonias.com.ar\/index.php?rest_route=\/wp\/v2\/posts"}],"about":[{"href":"http:\/\/rurallascolonias.com.ar\/index.php?rest_route=\/wp\/v2\/types\/post"}],"author":[{"embeddable":true,"href":"http:\/\/rurallascolonias.com.ar\/index.php?rest_route=\/wp\/v2\/users\/5"}],"replies":[{"embeddable":true,"href":"http:\/\/rurallascolonias.com.ar\/index.php?rest_route=%2Fwp%2Fv2%2Fcomments&post=4123"}],"version-history":[{"count":1,"href":"http:\/\/rurallascolonias.com.ar\/index.php?rest_route=\/wp\/v2\/posts\/4123\/revisions"}],"predecessor-version":[{"id":4125,"href":"http:\/\/rurallascolonias.com.ar\/index.php?rest_route=\/wp\/v2\/posts\/4123\/revisions\/4125"}],"wp:attachment":[{"href":"http:\/\/rurallascolonias.com.ar\/index.php?rest_route=%2Fwp%2Fv2%2Fmedia&parent=4123"}],"wp:term":[{"taxonomy":"category","embeddable":true,"href":"http:\/\/rurallascolonias.com.ar\/index.php?rest_route=%2Fwp%2Fv2%2Fcategories&post=4123"},{"taxonomy":"post_tag","embeddable":true,"href":"http:\/\/rurallascolonias.com.ar\/index.php?rest_route=%2Fwp%2Fv2%2Ftags&post=4123"}],"curies":[{"name":"wp","href":"https:\/\/api.w.org\/{rel}","templated":true}]}}