{"id":4098,"date":"2014-09-19T17:48:54","date_gmt":"2014-09-19T17:48:54","guid":{"rendered":"http:\/\/rurallascolonias.com.ar\/?p=4098"},"modified":"2014-09-19T17:48:54","modified_gmt":"2014-09-19T17:48:54","slug":"preven-que-la-siembra-total-de-maiz-caiga-82","status":"publish","type":"post","link":"http:\/\/rurallascolonias.com.ar\/?p=4098","title":{"rendered":"Prev\u00e9n que la siembra total de ma\u00edz caiga 8,2%"},"content":{"rendered":"<p><em><strong><a href=\"http:\/\/rurallascolonias.com.ar\/wp-content\/uploads\/2014\/09\/ma\u00edz.png\"><img loading=\"lazy\" class=\"aligncenter size-full wp-image-4099\" src=\"http:\/\/rurallascolonias.com.ar\/wp-content\/uploads\/2014\/09\/ma\u00edz.png\" alt=\"ma\u00edz\" width=\"312\" height=\"161\" srcset=\"http:\/\/rurallascolonias.com.ar\/wp-content\/uploads\/2014\/09\/ma\u00edz.png 312w, http:\/\/rurallascolonias.com.ar\/wp-content\/uploads\/2014\/09\/ma\u00edz-300x154.png 300w\" sizes=\"(max-width: 312px) 100vw, 312px\" \/><\/a>Agricultura estim\u00f3 un \u00e1rea cubierta de 5,6 millones de hect\u00e1reas<\/strong><\/em><!--more--><\/p>\n<p>El Ministerio de Agricultura de la Naci\u00f3n estim\u00f3 ayer la superficie destinada al ma\u00edz para todos los usos (comercial y ganadero) en la campa\u00f1a 2014\/2015 en 5,6 millones de hect\u00e1reas, un 8,2% por debajo de los 6,10 millones implantados en el ciclo 2013\/2014. \u00abYa se est\u00e1n sembrando los primeros lotes de la nueva temporada agr\u00edcola en Entre R\u00edos y en Santa Fe, donde se cuenta con condiciones de humedad adecuadas\u00bb, dijo el organismo en su reporte mensual de estimaciones agr\u00edcolas.<\/p>\n<p>La semana pasada, tanto la Bolsa de Comercio de Rosario (BCR) como la Bolsa de Cereales de Buenos Aires (BCBA) coincidieron al marcar una ca\u00edda del 16% en la superficie que ser\u00e1 destinada al ma\u00edz para grano comercial. No obstante difirieron en el n\u00famero estimado sobre el \u00e1rea, dado que la primera la calcul\u00f3 3,7 millones de hect\u00e1reas, mientras que la segunda lo hizo en 3 millones.<\/p>\n<p>Respecto del ciclo 2013\/2014, que dej\u00f3 un volumen total de ma\u00edz de \u00ab33 millones de toneladas\u00bb, Agricultura mantuvo el saldo exportable del cereal en 19 millones. Con esta ratificaci\u00f3n oficial, la Secretar\u00eda de Comercio Interior a\u00fan podr\u00eda sumar un cupo de 3 mill.\/t a los 16 millones ya habilitados. Seg\u00fan fuentes del sector comercial, una medida en ese sentido podr\u00eda dinamizar el mercado dom\u00e9stico de ma\u00edz, a partir de una mayor competencia entre los compradores, y contribuir\u00eda a mejorar los precios, en un contexto global que muestra las cotizaciones estadounidenses en el nivel m\u00e1s bajo en cuatro a\u00f1os.<\/p>\n<p>Vale recordar que hasta el momento se habilit\u00f3 una cuota exportable de 13 millones de toneladas de ma\u00edz para los socios de Ciara-CEC, que ya fue agotada, y otra de 3 millones para las firmas que operan integradas a Capeco. Seg\u00fan el informe difundido el martes por Agricultura, la exportaci\u00f3n declar\u00f3 compras por 15.339.000 toneladas, de las cuales embarc\u00f3 10.467.600 toneladas.<\/p>\n<p>Respecto del trigo 2013\/2014, Agricultura volvi\u00f3 a ubicar el saldo exportable en 1,5 millones de toneladas y la molienda en 6,3 millones. Hasta el momento, le exportaci\u00f3n suma compras por 2.457.600 t y la industria, por 4.201.000 toneladas.<\/p>\n<p>&nbsp;<\/p>\n<div class=\"copyright\">\n<div class=\"author\">La Naci\u00f3n<\/div>\n<\/div>\n","protected":false},"excerpt":{"rendered":"<p>Agricultura estim\u00f3 un \u00e1rea cubierta de 5,6 millones de hect\u00e1reas<\/p>\n","protected":false},"author":5,"featured_media":0,"comment_status":"open","ping_status":"open","sticky":false,"template":"","format":"standard","meta":[],"categories":[18],"tags":[2408],"_links":{"self":[{"href":"http:\/\/rurallascolonias.com.ar\/index.php?rest_route=\/wp\/v2\/posts\/4098"}],"collection":[{"href":"http:\/\/rurallascolonias.com.ar\/index.php?rest_route=\/wp\/v2\/posts"}],"about":[{"href":"http:\/\/rurallascolonias.com.ar\/index.php?rest_route=\/wp\/v2\/types\/post"}],"author":[{"embeddable":true,"href":"http:\/\/rurallascolonias.com.ar\/index.php?rest_route=\/wp\/v2\/users\/5"}],"replies":[{"embeddable":true,"href":"http:\/\/rurallascolonias.com.ar\/index.php?rest_route=%2Fwp%2Fv2%2Fcomments&post=4098"}],"version-history":[{"count":1,"href":"http:\/\/rurallascolonias.com.ar\/index.php?rest_route=\/wp\/v2\/posts\/4098\/revisions"}],"predecessor-version":[{"id":4100,"href":"http:\/\/rurallascolonias.com.ar\/index.php?rest_route=\/wp\/v2\/posts\/4098\/revisions\/4100"}],"wp:attachment":[{"href":"http:\/\/rurallascolonias.com.ar\/index.php?rest_route=%2Fwp%2Fv2%2Fmedia&parent=4098"}],"wp:term":[{"taxonomy":"category","embeddable":true,"href":"http:\/\/rurallascolonias.com.ar\/index.php?rest_route=%2Fwp%2Fv2%2Fcategories&post=4098"},{"taxonomy":"post_tag","embeddable":true,"href":"http:\/\/rurallascolonias.com.ar\/index.php?rest_route=%2Fwp%2Fv2%2Ftags&post=4098"}],"curies":[{"name":"wp","href":"https:\/\/api.w.org\/{rel}","templated":true}]}}