{"id":4062,"date":"2014-09-17T12:24:58","date_gmt":"2014-09-17T12:24:58","guid":{"rendered":"http:\/\/rurallascolonias.com.ar\/?p=4062"},"modified":"2014-09-17T12:24:58","modified_gmt":"2014-09-17T12:24:58","slug":"el-mundo-esta-inundado-de-leche-en-polvo","status":"publish","type":"post","link":"http:\/\/rurallascolonias.com.ar\/?p=4062","title":{"rendered":"EL MUNDO EST\u00c1 INUNDADO DE LECHE EN POLVO"},"content":{"rendered":"<p><span style=\"color: #000000;\"><a href=\"http:\/\/rurallascolonias.com.ar\/wp-content\/uploads\/2014\/09\/leche-en-polvo.jpg\"><img loading=\"lazy\" class=\"aligncenter size-full wp-image-4063\" src=\"http:\/\/rurallascolonias.com.ar\/wp-content\/uploads\/2014\/09\/leche-en-polvo.jpg\" alt=\"leche en polvo\" width=\"298\" height=\"169\" \/><\/a>El polvo est\u00e1 absorbiendo el aumento de producci\u00f3n de leche en la UE La oferta mundial de leche sigue siendo fuerte y sigue siendo el par\u00e1metro dominante en el mercado de las materias primas. <\/span><!--more--><\/p>\n<p><span style=\"color: #000000;\">La producci\u00f3n de leche en la UE se ha incrementado en un 5,1% en los primeros 6 meses del a\u00f1o 2014. Una gran parte de este aumento de producci\u00f3n ha sido absorbido por la fabricaci\u00f3n de leche en polvo, tanto entera como desnatada, cuya producci\u00f3n se ha incrementado en un 9,6% y un 16,7%, respectivamente, seg\u00fan el Consejo L\u00e1cteo del Reino Unido. Este aumento de la producci\u00f3n de polvo se debe fundamentalmente a dos factores. Por un lado, la creciente demanda mundial del mismo. Por otro lado, el aumento de capacidad para la producci\u00f3n de leche en polvo. La mitad de las inversiones europeas de la industria l\u00e1ctea en los dos \u00faltimos a\u00f1os se han gastado en ingredientes secos, como leche y suero en polvo, seg\u00fan la interprofesi\u00f3n l\u00e1ctea francesa CNIEL. En el mismo per\u00edodo, la producci\u00f3n de queso solo ha aumentado marginalmente, a pesar de que la producci\u00f3n en 2013 ya fue m\u00e1s baja que la de 2012, como consecuencia de la reducida oferta. El hecho de que no haya cantidades extra significativas est\u00e1 siendo una ventaja de cara al veto ruso. Por el contrario, el impacto indirecto de dicho veto en el mercado comunitario de la leche desnatada en polvo podr\u00eda empeorar el crecimiento de la producci\u00f3n de leche en polvo a lo largo del a\u00f1o. <\/span><\/p>\n<p><span style=\"color: #000000;\">Fuente: agrodigital.com\u00a0<\/span><\/p>\n","protected":false},"excerpt":{"rendered":"<p>El polvo est\u00e1 absorbiendo el aumento de producci\u00f3n de leche en la UE La oferta mundial de leche sigue siendo fuerte y sigue siendo el par\u00e1metro dominante en el mercado de las materias primas.<\/p>\n","protected":false},"author":5,"featured_media":0,"comment_status":"open","ping_status":"open","sticky":false,"template":"","format":"standard","meta":[],"categories":[46],"tags":[67],"_links":{"self":[{"href":"http:\/\/rurallascolonias.com.ar\/index.php?rest_route=\/wp\/v2\/posts\/4062"}],"collection":[{"href":"http:\/\/rurallascolonias.com.ar\/index.php?rest_route=\/wp\/v2\/posts"}],"about":[{"href":"http:\/\/rurallascolonias.com.ar\/index.php?rest_route=\/wp\/v2\/types\/post"}],"author":[{"embeddable":true,"href":"http:\/\/rurallascolonias.com.ar\/index.php?rest_route=\/wp\/v2\/users\/5"}],"replies":[{"embeddable":true,"href":"http:\/\/rurallascolonias.com.ar\/index.php?rest_route=%2Fwp%2Fv2%2Fcomments&post=4062"}],"version-history":[{"count":1,"href":"http:\/\/rurallascolonias.com.ar\/index.php?rest_route=\/wp\/v2\/posts\/4062\/revisions"}],"predecessor-version":[{"id":4064,"href":"http:\/\/rurallascolonias.com.ar\/index.php?rest_route=\/wp\/v2\/posts\/4062\/revisions\/4064"}],"wp:attachment":[{"href":"http:\/\/rurallascolonias.com.ar\/index.php?rest_route=%2Fwp%2Fv2%2Fmedia&parent=4062"}],"wp:term":[{"taxonomy":"category","embeddable":true,"href":"http:\/\/rurallascolonias.com.ar\/index.php?rest_route=%2Fwp%2Fv2%2Fcategories&post=4062"},{"taxonomy":"post_tag","embeddable":true,"href":"http:\/\/rurallascolonias.com.ar\/index.php?rest_route=%2Fwp%2Fv2%2Ftags&post=4062"}],"curies":[{"name":"wp","href":"https:\/\/api.w.org\/{rel}","templated":true}]}}