{"id":4053,"date":"2014-09-17T11:59:19","date_gmt":"2014-09-17T11:59:19","guid":{"rendered":"http:\/\/rurallascolonias.com.ar\/?p=4053"},"modified":"2014-09-17T12:00:16","modified_gmt":"2014-09-17T12:00:16","slug":"ciccra-bajo-la-faena-y-la-exportacion-con-respecto-a-2013-el-consumo-es-del-93","status":"publish","type":"post","link":"http:\/\/rurallascolonias.com.ar\/?p=4053","title":{"rendered":"CICCRA: Baj\u00f3 la faena y la exportaci\u00f3n con respecto a 2013. El consumo es del 93%"},"content":{"rendered":"<h3 style=\"font-weight: lighter; color: #666666;\"><a href=\"http:\/\/rurallascolonias.com.ar\/wp-content\/uploads\/2014\/09\/gr\u00e1fico-2.jpg\"><img loading=\"lazy\" class=\"alignleft size-full wp-image-4054\" src=\"http:\/\/rurallascolonias.com.ar\/wp-content\/uploads\/2014\/09\/gr\u00e1fico-2.jpg\" alt=\"gr\u00e1fico 2\" width=\"225\" height=\"306\" srcset=\"http:\/\/rurallascolonias.com.ar\/wp-content\/uploads\/2014\/09\/gr\u00e1fico-2.jpg 225w, http:\/\/rurallascolonias.com.ar\/wp-content\/uploads\/2014\/09\/gr\u00e1fico-2-220x300.jpg 220w\" sizes=\"(max-width: 225px) 100vw, 225px\" \/><\/a>El 93% de lo producido se destina a consumo interno. La faena de agosto de 2014 fue 10,0% menor al promedio de los agosto de 1980 a 2013. Las ventas externas habr\u00edan totalizado apenas 124,0 mil tn r\/c\/h, 7,6% inferior al registrado en 2013<\/h3>\n<p><!--more--><\/p>\n<p>Informe Econ\u00f3mico Mensual N\u00ba 163 de Agosto 2014 elaborado por la C\u00e1mara de la Industria y Comercio de Carnes y Derivados de la Rep\u00fablica Argentina.<\/p>\n<p><strong>1. Faena y producci\u00f3n de carne:<\/strong><\/p>\n<p>De acuerdo con las estimaciones mensuales de CICCRA, en agosto la\u00a0<strong>faena vacuna<\/strong>\u00a0habr\u00eda quedado apenas por debajo del mill\u00f3n de cabezas, cumpli\u00e9ndose as\u00ed la sexta ca\u00edda interanual en ocho meses (-6,4%). En t\u00e9rminos absolutos, se faenaron\u00a0<strong>66,7 mil cabezas<\/strong>\u00a0menos que en agosto de 2013. Por su parte, la producci\u00f3n de carne vacuna se ubic\u00f3 en 217 mil toneladas res con hueso (tn r\/c\/h) y result\u00f3 8,9% menor a los registrados doce meses atr\u00e1s. La mayor ca\u00edda de la producci\u00f3n de carne se explic\u00f3 por el descenso de 2,7% anual del peso promedio de la res en gancho, que lleg\u00f3 a 221 kilogramos.<\/p>\n<p>La faena de agosto de 2014 fue\u00a0<strong>10,0%<\/strong>\u00a0menor al promedio de los agosto de 1980 a 2013, quedando en el puesto 28 de 35. Para tener una idea de la magnitud del retroceso interanual, cabe se\u00f1alar que agosto de 2013 ocup\u00f3 el puesto 18 de 35.<\/p>\n<p><a href=\"http:\/\/rurallascolonias.com.ar\/wp-content\/uploads\/2014\/09\/gr\u00e1fico-2.jpg\"><img loading=\"lazy\" class=\"aligncenter size-full wp-image-4054\" src=\"http:\/\/rurallascolonias.com.ar\/wp-content\/uploads\/2014\/09\/gr\u00e1fico-2.jpg\" alt=\"gr\u00e1fico 2\" width=\"225\" height=\"306\" srcset=\"http:\/\/rurallascolonias.com.ar\/wp-content\/uploads\/2014\/09\/gr\u00e1fico-2.jpg 225w, http:\/\/rurallascolonias.com.ar\/wp-content\/uploads\/2014\/09\/gr\u00e1fico-2-220x300.jpg 220w\" sizes=\"(max-width: 225px) 100vw, 225px\" \/><\/a><\/p>\n<p><strong>2. Consumo interno:<\/strong><\/p>\n<p>De acuerdo con las cifras oficiales correspondientes a enero-junio y nuestras estimaciones para julio y agosto, en los ocho meses de 2014 la industria frigor\u00edfica argentina produjo un total de\u00a0<strong>1,775 millones de tn r\/c\/h de carne vacuna<\/strong>. Es decir, 94,6 mil toneladas menos que en enero-agosto de 2013 (-5,1%).<\/p>\n<p>Al mercado interno se volc\u00f3\u00a0<strong>93%<\/strong>\u00a0del total producido en el per\u00edodo analizado, es decir 1,651 millones de tn r\/c\/h. Como el consumo (aparente) interno retrocedi\u00f3 menos (-4,9% anual; -84,4 mil tn r\/c\/h) que la producci\u00f3n total, su importancia relativa creci\u00f3 0,2 puntos porcentuales con relaci\u00f3n a la registrada en los primeros ocho meses de 2013 (fue 5,1 puntos porcentuales mayor a la verificada en el mismo lapso de 2002).<\/p>\n<p>El consumo por habitante de carne vacuna se ubic\u00f3 en un promedio de 58,9 kg\/a\u00f1o, el cual result\u00f3 5,7% inferior al de enero-agosto del a\u00f1o pasado. Por su parte, el promedio m\u00f3vil de los \u00faltimos 12 meses se sostuvo en 60,6 kg de carne vacuna por habitante por a\u00f1o, ubic\u00e1ndose 2,0% por debajo del nivel alcanzado doce meses atr\u00e1s y acumulando una baja de 3,8% con respecto al m\u00e1ximo de 63 kg\/hab\/a\u00f1o observado en diciembre de 2013.<\/p>\n<p>En el caso de las\u00a0<strong>exportaciones,<\/strong>\u00a0la contracci\u00f3n fue mayor todav\u00eda. En los primeros ocho meses de 2014 las colocaciones de carne vacuna en el exterior habr\u00edan totalizado apenas 124,0 mil tn r\/c\/h, volumen que habr\u00eda sido 7,6% inferior al registrado en igual per\u00edodo del a\u00f1o pasado (-10,15 mil tn r\/c\/h). La importancia relativa en el total baj\u00f3 a 7,0% (-0,2 puntos porcentuales en t\u00e9rminos interanuales).<\/p>\n<p><a href=\"http:\/\/rurallascolonias.com.ar\/wp-content\/uploads\/2014\/09\/gr\u00e1fico-3.jpg\"><img loading=\"lazy\" class=\"aligncenter size-full wp-image-4055\" src=\"http:\/\/rurallascolonias.com.ar\/wp-content\/uploads\/2014\/09\/gr\u00e1fico-3.jpg\" alt=\"gr\u00e1fico 3\" width=\"536\" height=\"748\" srcset=\"http:\/\/rurallascolonias.com.ar\/wp-content\/uploads\/2014\/09\/gr\u00e1fico-3.jpg 536w, http:\/\/rurallascolonias.com.ar\/wp-content\/uploads\/2014\/09\/gr\u00e1fico-3-214x300.jpg 214w\" sizes=\"(max-width: 536px) 100vw, 536px\" \/><\/a><\/p>\n<p>&nbsp;<\/p>\n<p><strong>3. Evoluci\u00f3n de las exportaciones:<\/strong><\/p>\n<p>En julio se certificaron exportaciones de carne vacuna por 14.890 toneladas peso producto (tn pp), lo que arroj\u00f3 un avance interanual de\u00a0<strong>15,3%.<\/strong>\u00a0Fue la tercera suba consecutiva, luego de cuatro meses de ca\u00edda a un ritmo promedio de 21,4% anual. En consecuencia, al considerar los primeros siete meses del a\u00f1o se embarcaron 70.710 tn pp de carne vacuna, reduci\u00e9ndose la ca\u00edda acumulada a s\u00f3lo un d\u00edgito anual (-7,2%). Expresado en toneladas res con hueso, el volumen exportado fue de 102.983 y result\u00f3 9,0% inferior al registrado enero-julio de 2013.<\/p>\n<p>La facturaci\u00f3n por las exportaciones de carne vacuna lleg\u00f3 a 115,0 millones de d\u00f3lares fob en el s\u00e9ptimo mes de 2014 y se ubic\u00f3 35,0% por encima de la correspondiente a julio de 2013. En los primeros siete meses del a\u00f1o los ingresos por ventas al exterior ascendieron a 599,0 millones de d\u00f3lares fob, los que quedaron apenas 1,0% por debajo de los generados en igual per\u00edodo del a\u00f1o pasado. El precio promedio de los embarques certificados fue de 7.723 d\u00f3lares fob por tn pp en julio y el promedio correspondiente a enero-julio qued\u00f3 en 8.471 d\u00f3lares fob por tn pp, resultando 6,6% mayor al promedio de enero-julio de 2013.<\/p>\n<p><a href=\"http:\/\/rurallascolonias.com.ar\/wp-content\/uploads\/2014\/09\/gr\u00e1fico-4.jpg\"><img loading=\"lazy\" class=\"aligncenter size-full wp-image-4056\" src=\"http:\/\/rurallascolonias.com.ar\/wp-content\/uploads\/2014\/09\/gr\u00e1fico-4.jpg\" alt=\"gr\u00e1fico 4\" width=\"514\" height=\"714\" srcset=\"http:\/\/rurallascolonias.com.ar\/wp-content\/uploads\/2014\/09\/gr\u00e1fico-4.jpg 514w, http:\/\/rurallascolonias.com.ar\/wp-content\/uploads\/2014\/09\/gr\u00e1fico-4-215x300.jpg 215w\" sizes=\"(max-width: 514px) 100vw, 514px\" \/><\/a><\/p>\n<p>&nbsp;<\/p>\n<p>&nbsp;<\/p>\n","protected":false},"excerpt":{"rendered":"<p>El 93% de lo producido se destina a consumo interno. La faena de agosto de 2014 fue 10,0% menor al promedio de los agosto de 1980 a 2013. Las ventas externas habr\u00edan totalizado apenas 124,0 mil tn r\/c\/h, 7,6% inferior al registrado en 2013<\/p>\n","protected":false},"author":5,"featured_media":0,"comment_status":"open","ping_status":"open","sticky":false,"template":"","format":"standard","meta":[],"categories":[50],"tags":[383,254],"_links":{"self":[{"href":"http:\/\/rurallascolonias.com.ar\/index.php?rest_route=\/wp\/v2\/posts\/4053"}],"collection":[{"href":"http:\/\/rurallascolonias.com.ar\/index.php?rest_route=\/wp\/v2\/posts"}],"about":[{"href":"http:\/\/rurallascolonias.com.ar\/index.php?rest_route=\/wp\/v2\/types\/post"}],"author":[{"embeddable":true,"href":"http:\/\/rurallascolonias.com.ar\/index.php?rest_route=\/wp\/v2\/users\/5"}],"replies":[{"embeddable":true,"href":"http:\/\/rurallascolonias.com.ar\/index.php?rest_route=%2Fwp%2Fv2%2Fcomments&post=4053"}],"version-history":[{"count":2,"href":"http:\/\/rurallascolonias.com.ar\/index.php?rest_route=\/wp\/v2\/posts\/4053\/revisions"}],"predecessor-version":[{"id":4058,"href":"http:\/\/rurallascolonias.com.ar\/index.php?rest_route=\/wp\/v2\/posts\/4053\/revisions\/4058"}],"wp:attachment":[{"href":"http:\/\/rurallascolonias.com.ar\/index.php?rest_route=%2Fwp%2Fv2%2Fmedia&parent=4053"}],"wp:term":[{"taxonomy":"category","embeddable":true,"href":"http:\/\/rurallascolonias.com.ar\/index.php?rest_route=%2Fwp%2Fv2%2Fcategories&post=4053"},{"taxonomy":"post_tag","embeddable":true,"href":"http:\/\/rurallascolonias.com.ar\/index.php?rest_route=%2Fwp%2Fv2%2Ftags&post=4053"}],"curies":[{"name":"wp","href":"https:\/\/api.w.org\/{rel}","templated":true}]}}