{"id":4021,"date":"2014-09-15T17:53:17","date_gmt":"2014-09-15T17:53:17","guid":{"rendered":"http:\/\/rurallascolonias.com.ar\/?p=4021"},"modified":"2014-09-15T17:53:17","modified_gmt":"2014-09-15T17:53:17","slug":"ferrero-les-pedimos-dignidad-y-representacion-federal-a-los-legisladores-que-voten","status":"publish","type":"post","link":"http:\/\/rurallascolonias.com.ar\/?p=4021","title":{"rendered":"Ferrero: \u201cLes pedimos dignidad y representaci\u00f3n federal a los legisladores que voten\u201d"},"content":{"rendered":"<div class=\"description\"><a href=\"http:\/\/rurallascolonias.com.ar\/wp-content\/uploads\/2013\/12\/FERRERO.png\"><img loading=\"lazy\" class=\"alignleft size-full wp-image-302\" src=\"http:\/\/rurallascolonias.com.ar\/wp-content\/uploads\/2013\/12\/FERRERO.png\" alt=\"FERRERO\" width=\"259\" height=\"194\" \/><\/a>El representante de CRA advirti\u00f3: padecimos la intervenci\u00f3n del Estado y ya sabemos lo que pas\u00f3 en materia c\u00e1rnica, en materia de trigo.<\/div>\n<p><!--more--><\/p>\n<div class=\"authorinfo\"><\/div>\n<div class=\"vsmcontent\">\n<p>&nbsp;<\/p>\n<p align=\"justify\">En el marco del debate de la Ley de Abastecimiento, que cuenta con media sanci\u00f3n del Senado y se discutir\u00e1 la pr\u00f3xima semana en la C\u00e1mara Baja, la Mesa de Enlace rechaza la normativa del Ejecutivo.<\/p>\n<p>\u201cExpresamos la total disconformidad con el actual proyecto porque se trata de una ley discriminatoria e inconstitucional\u201d, enfatiz\u00f3 Rub\u00e9n Ferrero, de CRA.<\/p>\n<p>El representante del sector agropecuario asisti\u00f3 a la reuni\u00f3n de comisiones que se realiz\u00f3 este jueves por la tarde.<\/p>\n<p>\u201cNosotros padecimos la intervenci\u00f3n del Estado Nacional desde 2006 a la fecha y sabemos lo que pas\u00f3 en materia c\u00e1rnica, en materia de trigo\u2026\u201d, agreg\u00f3.<\/p>\n<p>\u201cEntendemos que es una ley netamente venezolana. Y hoy Venezuela tiene las g\u00f3ndolas vac\u00edas de productos y adem\u00e1s est\u00e1 importando petr\u00f3leo crudo. Este tipo de leyes van contra la producci\u00f3n, contra el incentivo y contra la propiedad privada\u201d, remarc\u00f3 Ferrero, quien record\u00f3 que en la asamblea de Bol\u00edvar acordaron no realizar medidas de fuerza en estos momentos por la dif\u00edcil situaci\u00f3n que atraviesa el territorio bonaerense a ra\u00edz de las inundaciones. \u201cNo ser\u00eda conveniente\u201d, dijo.<\/p>\n<p>\u201cLa pregunta que debe hacerse la sociedad es hasta cu\u00e1ndo no vamos a poder exportar carne. Pedimos dignidad y representaci\u00f3n federal a los diputados a los que les toque votar\u201d, subray\u00f3.<\/p>\n<p align=\"justify\"><em>\u00a0Fuente: <a title=\"Radio Continental\" href=\"http:\/\/www.continental.com.ar\/\"><span style=\"color: #0066cc;\">Radio Continental<\/span><\/a><\/em><\/p>\n<\/div>\n","protected":false},"excerpt":{"rendered":"<p>El representante de CRA advirti\u00f3: padecimos la intervenci\u00f3n del Estado y ya sabemos lo que pas\u00f3 en materia c\u00e1rnica, en materia de trigo.<\/p>\n","protected":false},"author":5,"featured_media":0,"comment_status":"open","ping_status":"open","sticky":false,"template":"","format":"standard","meta":[],"categories":[42],"tags":[373],"_links":{"self":[{"href":"http:\/\/rurallascolonias.com.ar\/index.php?rest_route=\/wp\/v2\/posts\/4021"}],"collection":[{"href":"http:\/\/rurallascolonias.com.ar\/index.php?rest_route=\/wp\/v2\/posts"}],"about":[{"href":"http:\/\/rurallascolonias.com.ar\/index.php?rest_route=\/wp\/v2\/types\/post"}],"author":[{"embeddable":true,"href":"http:\/\/rurallascolonias.com.ar\/index.php?rest_route=\/wp\/v2\/users\/5"}],"replies":[{"embeddable":true,"href":"http:\/\/rurallascolonias.com.ar\/index.php?rest_route=%2Fwp%2Fv2%2Fcomments&post=4021"}],"version-history":[{"count":1,"href":"http:\/\/rurallascolonias.com.ar\/index.php?rest_route=\/wp\/v2\/posts\/4021\/revisions"}],"predecessor-version":[{"id":4022,"href":"http:\/\/rurallascolonias.com.ar\/index.php?rest_route=\/wp\/v2\/posts\/4021\/revisions\/4022"}],"wp:attachment":[{"href":"http:\/\/rurallascolonias.com.ar\/index.php?rest_route=%2Fwp%2Fv2%2Fmedia&parent=4021"}],"wp:term":[{"taxonomy":"category","embeddable":true,"href":"http:\/\/rurallascolonias.com.ar\/index.php?rest_route=%2Fwp%2Fv2%2Fcategories&post=4021"},{"taxonomy":"post_tag","embeddable":true,"href":"http:\/\/rurallascolonias.com.ar\/index.php?rest_route=%2Fwp%2Fv2%2Ftags&post=4021"}],"curies":[{"name":"wp","href":"https:\/\/api.w.org\/{rel}","templated":true}]}}