{"id":4006,"date":"2014-09-15T00:28:44","date_gmt":"2014-09-15T00:28:44","guid":{"rendered":"http:\/\/rurallascolonias.com.ar\/?p=4006"},"modified":"2014-09-15T00:28:44","modified_gmt":"2014-09-15T00:28:44","slug":"la-faena-argentina-sigue-moderandose","status":"publish","type":"post","link":"http:\/\/rurallascolonias.com.ar\/?p=4006","title":{"rendered":"La faena argentina sigue moder\u00e1ndose"},"content":{"rendered":"<p><a href=\"http:\/\/rurallascolonias.com.ar\/wp-content\/uploads\/2014\/09\/gr\u00e1fico-faena.jpg\"><img loading=\"lazy\" class=\"aligncenter size-full wp-image-4007\" src=\"http:\/\/rurallascolonias.com.ar\/wp-content\/uploads\/2014\/09\/gr\u00e1fico-faena.jpg\" alt=\"gr\u00e1fico faena\" width=\"550\" height=\"291\" srcset=\"http:\/\/rurallascolonias.com.ar\/wp-content\/uploads\/2014\/09\/gr\u00e1fico-faena.jpg 550w, http:\/\/rurallascolonias.com.ar\/wp-content\/uploads\/2014\/09\/gr\u00e1fico-faena-300x158.jpg 300w\" sizes=\"(max-width: 550px) 100vw, 550px\" \/><\/a><a href=\"http:\/\/rurallascolonias.com.ar\/wp-content\/uploads\/2014\/09\/gr\u00e1fico-faena-2.jpg\"><img loading=\"lazy\" class=\"aligncenter size-full wp-image-4008\" src=\"http:\/\/rurallascolonias.com.ar\/wp-content\/uploads\/2014\/09\/gr\u00e1fico-faena-2.jpg\" alt=\"gr\u00e1fico faena 2\" width=\"612\" height=\"379\" srcset=\"http:\/\/rurallascolonias.com.ar\/wp-content\/uploads\/2014\/09\/gr\u00e1fico-faena-2.jpg 612w, http:\/\/rurallascolonias.com.ar\/wp-content\/uploads\/2014\/09\/gr\u00e1fico-faena-2-300x185.jpg 300w, http:\/\/rurallascolonias.com.ar\/wp-content\/uploads\/2014\/09\/gr\u00e1fico-faena-2-600x371.jpg 600w\" sizes=\"(max-width: 612px) 100vw, 612px\" \/><\/a><a href=\"http:\/\/rurallascolonias.com.ar\/wp-content\/uploads\/2014\/09\/gr\u00e1fico-faena-3.jpg\"><img loading=\"lazy\" class=\"aligncenter size-full wp-image-4009\" src=\"http:\/\/rurallascolonias.com.ar\/wp-content\/uploads\/2014\/09\/gr\u00e1fico-faena-3.jpg\" alt=\"gr\u00e1fico faena 3\" width=\"611\" height=\"370\" srcset=\"http:\/\/rurallascolonias.com.ar\/wp-content\/uploads\/2014\/09\/gr\u00e1fico-faena-3.jpg 611w, http:\/\/rurallascolonias.com.ar\/wp-content\/uploads\/2014\/09\/gr\u00e1fico-faena-3-300x181.jpg 300w, http:\/\/rurallascolonias.com.ar\/wp-content\/uploads\/2014\/09\/gr\u00e1fico-faena-3-600x363.jpg 600w\" sizes=\"(max-width: 611px) 100vw, 611px\" \/><\/a>Si bien en agosto se procesaron un 10% menos de animales que en igual mes del a\u00f1o anterior, la tendencia es mucho m\u00e1s suave que cuando se inici\u00f3 la retenci\u00f3n tras la liquidaci\u00f3n de 2008\/09<!--more--><\/p>\n<p><span style=\"line-height: 1.4em;\">De esta manera, el mes se transform\u00f3 en el d\u00e9cimo consecutivo en que la faena total del trimestre m\u00f3vil aumenta menos, o cae, como sucedi\u00f3 en los \u00faltimos 5 meses, que la faena de 12 meses m\u00f3viles terminada en el mismo mes.<\/span><\/p>\n<p>Recordemos que un trimestre m\u00f3vil es un per\u00edodo de tres meses que, sucesivamente, va perdiendo al mes m\u00e1s antiguo e incorporando uno nuevo. Lo mismo cabe para los 12 meses m\u00f3viles o a\u00f1o m\u00f3vil. Este c\u00e1lculo se usa para poder interpretar mejor movimientos variables a lo largo del tiempo.<\/p>\n<p>As\u00ed, mientras en los 12 meses terminados en agosto se faenaron 12,7 millones de cabezas, con un 2% de aumento interanual, en el trimestre terminado en agosto se procesaron 3,1 millones de cabezas, con una ca\u00edda de 4% interanual.<\/p>\n<p>En cuanto al porcentaje de hembras en la faena, otra variable importante para determinar el curso del ciclo ganadero, mostr\u00f3 una peque\u00f1a ca\u00edda desde el m\u00e1ximo de julio \u00faltimo, a 46,2%, aunque todav\u00eda es un nivel alto.<\/p>\n<p>Esto es el resultado de que los machos est\u00e1n liderando la se\u00f1alada moderaci\u00f3n o ca\u00edda en la faena, mientras que las hembras, aunque tambi\u00e9n siguen la tendencia, vienen con rezago.<\/p>\n<p><strong>En perspectiva<\/strong><\/p>\n<p>Desde que la faena del trimestre empez\u00f3 a moderarse con respecto a la anual, la tendencia es mucho m\u00e1s suave que la misma fase iniciada en septiembre de 2009, cuando se comenz\u00f3 a salir de la liquidaci\u00f3n de 2008\/09.<\/p>\n<p>Por todo esto, sostenemos que esta nueva fase de retenci\u00f3n es fr\u00e1gil y podr\u00eda darse vuelta en un ambiente macroecon\u00f3mico desfavorable como el presente. A su favor cuenta con un precio que se ha tonificado en el \u00faltimo a\u00f1o y expectativas de cambios de pol\u00edticas en el horizonte, a lo que se suma el deterioro relativo del resultado de la mayor\u00eda de las actividades agr\u00edcolas.<\/p>\n<p>Esa debilidad es lo que llev\u00f3 a una gran preocupaci\u00f3n por el anuncio oficial de la suspensi\u00f3n provisoria de aprobaci\u00f3n de ROEs, aunque lo sucedido en estos primeros veinte d\u00edas del anuncio no ha afectado la demanda de la industria exportadora tanto como se podr\u00eda haber previsto.<\/p>\n<p>Como siempre, habr\u00e1 que seguir de cerca cada una de las variables involucradas para detectar, lo m\u00e1s anticipadamente posible, si el curso descripto contin\u00faa o tiende a revertirse.<\/p>\n<p>&nbsp;<\/p>\n<div class=\"copyright\">\n<div class=\"author\">Valor carne<\/div>\n<\/div>\n<p>&nbsp;<\/p>\n<p>&nbsp;<\/p>\n<p>&nbsp;<\/p>\n<p>&nbsp;<\/p>\n","protected":false},"excerpt":{"rendered":"<p>Si bien en agosto se procesaron un 10% menos de animales que en igual mes del a\u00f1o anterior, la tendencia es mucho m\u00e1s suave que cuando se inici\u00f3 la retenci\u00f3n tras la liquidaci\u00f3n de 2008\/09<\/p>\n","protected":false},"author":5,"featured_media":0,"comment_status":"open","ping_status":"open","sticky":false,"template":"","format":"standard","meta":[],"categories":[50],"tags":[860],"_links":{"self":[{"href":"http:\/\/rurallascolonias.com.ar\/index.php?rest_route=\/wp\/v2\/posts\/4006"}],"collection":[{"href":"http:\/\/rurallascolonias.com.ar\/index.php?rest_route=\/wp\/v2\/posts"}],"about":[{"href":"http:\/\/rurallascolonias.com.ar\/index.php?rest_route=\/wp\/v2\/types\/post"}],"author":[{"embeddable":true,"href":"http:\/\/rurallascolonias.com.ar\/index.php?rest_route=\/wp\/v2\/users\/5"}],"replies":[{"embeddable":true,"href":"http:\/\/rurallascolonias.com.ar\/index.php?rest_route=%2Fwp%2Fv2%2Fcomments&post=4006"}],"version-history":[{"count":1,"href":"http:\/\/rurallascolonias.com.ar\/index.php?rest_route=\/wp\/v2\/posts\/4006\/revisions"}],"predecessor-version":[{"id":4010,"href":"http:\/\/rurallascolonias.com.ar\/index.php?rest_route=\/wp\/v2\/posts\/4006\/revisions\/4010"}],"wp:attachment":[{"href":"http:\/\/rurallascolonias.com.ar\/index.php?rest_route=%2Fwp%2Fv2%2Fmedia&parent=4006"}],"wp:term":[{"taxonomy":"category","embeddable":true,"href":"http:\/\/rurallascolonias.com.ar\/index.php?rest_route=%2Fwp%2Fv2%2Fcategories&post=4006"},{"taxonomy":"post_tag","embeddable":true,"href":"http:\/\/rurallascolonias.com.ar\/index.php?rest_route=%2Fwp%2Fv2%2Ftags&post=4006"}],"curies":[{"name":"wp","href":"https:\/\/api.w.org\/{rel}","templated":true}]}}