{"id":400,"date":"2013-12-09T17:52:38","date_gmt":"2013-12-09T17:52:38","guid":{"rendered":"http:\/\/rurallascolonias.com.ar\/?p=400"},"modified":"2013-12-09T17:52:38","modified_gmt":"2013-12-09T17:52:38","slug":"el-agro-motor-y-sosten-del-comercio-exterior-argentino","status":"publish","type":"post","link":"http:\/\/rurallascolonias.com.ar\/?p=400","title":{"rendered":"EL AGRO, MOTOR Y SOST\u00c9N DEL COMERCIO EXTERIOR ARGENTINO"},"content":{"rendered":"<p><a href=\"http:\/\/rurallascolonias.com.ar\/wp-content\/uploads\/2013\/12\/agro-2.jpg\"><img loading=\"lazy\" class=\"aligncenter size-full wp-image-402\" alt=\"agro 2\" src=\"http:\/\/rurallascolonias.com.ar\/wp-content\/uploads\/2013\/12\/agro-2.jpg\" width=\"324\" height=\"155\" srcset=\"http:\/\/rurallascolonias.com.ar\/wp-content\/uploads\/2013\/12\/agro-2.jpg 324w, http:\/\/rurallascolonias.com.ar\/wp-content\/uploads\/2013\/12\/agro-2-300x143.jpg 300w\" sizes=\"(max-width: 324px) 100vw, 324px\" \/><\/a>Sin exportaciones del agro, las ventas al exterior hubieran ca\u00eddo. La disminuci\u00f3n habr\u00eda sido de m\u00e1s de u$s 1.000 M en 9 meses. El peso del sector pas\u00f3 en un a\u00f1o de 57% al 60% del total<!--more--><\/p>\n<div>\n<p align=\"justify\">En los nueve primeros meses de 2013, sin las exportaciones de origen agropecuario, las ventas al exterior disminuir\u00edan en m\u00e1s de u$s 1.000 millones, sostiene un informe privado.\u00bbEn los primeros 9 meses de 2013 (compar\u00e1ndolas con el mismo per\u00edodo de 2012) las ventas externas crecen u$s 1.628 millones. En ese lapso el total de exportaciones de origen agropecuario crecieron u$s 2.884 millones, por lo que sin esa alza las ventas externas tendr\u00edan un saldo negativo de m\u00e1s de u$s 1.000 millones\u00bb, resalta el documento elaborado por Marcelo Elizondo para la consultora DNI, Desarrollo de Negocios Internacionales.<\/p>\n<p>Seg\u00fan detalla el informe, en los primeros tres trimestres de 2013, las exportaciones de los diversos productos de origen agropecuario obtienen una incidencia mayor que la que nunca antes tuvieron en muchos a\u00f1os, y llegan al r\u00e9cord de explicar el 60% del total.En el mismo per\u00edodo de a\u00f1os anteriores ese porcentaje fue del 57%, tanto para 2011 como 2012. A continuaci\u00f3n, los principales puntos del informe:<\/p>\n<p align=\"justify\">&#8211; Las exportaciones totales argentinas est\u00e1n teniendo cada vez mayor dependencia de las agroexportaciones. Sin el alza que muestra el conjunto total de exportaciones de origen agropecuario, las exportaciones caer\u00edan en los primeros tres trimestres de 2013.<\/p>\n<p align=\"justify\">&#8211; El Gobierno se ha propuesto incrementar las exportaciones. La falta de d\u00f3lares y la p\u00e9rdida de competitividad general de los sectores transables han llevado a una situaci\u00f3n de debilidad en la generaci\u00f3n de d\u00f3lares comerciales.<\/p>\n<p align=\"justify\">&#8211; Las exportaciones argentinas han llegado en los primeros tres trimestres de 2013 a u$s 63.479 millones y se estima que estar\u00e1n en unos u$s 84.000 millones al finalizar el a\u00f1o. El crecimiento de las ventas externas en el \u00faltimo lustro (2009\/2013) ser\u00e1, as\u00ed, de menos de la mitad que el del lustro anterior.<\/p>\n<p align=\"justify\">&#8211; La Argentina necesita de los d\u00f3lares comerciales porque no tiene, hasta ahora, acceso a d\u00f3lares por v\u00eda de la inversi\u00f3n extranjera ni por la v\u00eda financiera. Ahora bien: es el sector agroexportador, cada a\u00f1o, el que m\u00e1s d\u00f3lares genera. Y cada a\u00f1o crece su incidencia en esa generaci\u00f3n de d\u00f3lares. As\u00ed, el Gobierno, a trav\u00e9s de discriminaciones tributarias (retenciones), en regulaciones de acceso a financiamiento, en plazos de liquidaci\u00f3n, o en incentivos fiscales (reembolsos) claramente ha generado en el sector m\u00e1s competitivo de nuestra producci\u00f3n un marco de referencia normativo, pol\u00edtico y econ\u00f3mico m\u00e1s complejo que en el resto de la econom\u00eda. Pese a eso, los que generan m\u00e1s d\u00f3lares son las agroexportadoras que, de tal modo, cargan con m\u00e1s restricciones end\u00f3genas.<\/p>\n<p align=\"justify\">&#8211; Los resultados, pese a ello, est\u00e1n mostrando que son las exportaciones de productos de la cadena agroexportadora las que sostienen el nivel de ventas externas y, m\u00e1s a\u00fan, los que crecen m\u00e1s que el conjunto, permitiendo incluso la moderada alza de las ventas externas que se observa en 2013.<\/p>\n<\/div>\n<div>\n<div>\u00c1mbito Financiero<\/div>\n<\/div>\n<div><\/div>\n","protected":false},"excerpt":{"rendered":"<p>Sin exportaciones del agro, las ventas al exterior hubieran ca\u00eddo. La disminuci\u00f3n habr\u00eda sido de m\u00e1s de u$s 1.000 M en 9 meses. El peso del sector pas\u00f3 en un a\u00f1o de 57% al 60% del total<\/p>\n","protected":false},"author":5,"featured_media":0,"comment_status":"closed","ping_status":"closed","sticky":false,"template":"","format":"standard","meta":[],"categories":[130],"tags":[110,131],"_links":{"self":[{"href":"http:\/\/rurallascolonias.com.ar\/index.php?rest_route=\/wp\/v2\/posts\/400"}],"collection":[{"href":"http:\/\/rurallascolonias.com.ar\/index.php?rest_route=\/wp\/v2\/posts"}],"about":[{"href":"http:\/\/rurallascolonias.com.ar\/index.php?rest_route=\/wp\/v2\/types\/post"}],"author":[{"embeddable":true,"href":"http:\/\/rurallascolonias.com.ar\/index.php?rest_route=\/wp\/v2\/users\/5"}],"replies":[{"embeddable":true,"href":"http:\/\/rurallascolonias.com.ar\/index.php?rest_route=%2Fwp%2Fv2%2Fcomments&post=400"}],"version-history":[{"count":1,"href":"http:\/\/rurallascolonias.com.ar\/index.php?rest_route=\/wp\/v2\/posts\/400\/revisions"}],"predecessor-version":[{"id":403,"href":"http:\/\/rurallascolonias.com.ar\/index.php?rest_route=\/wp\/v2\/posts\/400\/revisions\/403"}],"wp:attachment":[{"href":"http:\/\/rurallascolonias.com.ar\/index.php?rest_route=%2Fwp%2Fv2%2Fmedia&parent=400"}],"wp:term":[{"taxonomy":"category","embeddable":true,"href":"http:\/\/rurallascolonias.com.ar\/index.php?rest_route=%2Fwp%2Fv2%2Fcategories&post=400"},{"taxonomy":"post_tag","embeddable":true,"href":"http:\/\/rurallascolonias.com.ar\/index.php?rest_route=%2Fwp%2Fv2%2Ftags&post=400"}],"curies":[{"name":"wp","href":"https:\/\/api.w.org\/{rel}","templated":true}]}}